{"id":42975,"date":"2019-06-26T19:00:00","date_gmt":"2019-06-26T23:00:00","guid":{"rendered":"https:\/\/linitiative.ca\/International\/tournee-des-hommes-daffaires-algeriens-dans-plusieurs-pays-africains-prochainement-identifier-les-opportunites-dexportation\/"},"modified":"2019-06-26T19:00:00","modified_gmt":"2019-06-26T23:00:00","slug":"tournee-des-hommes-daffaires-algeriens-dans-plusieurs-pays-africains-prochainement-identifier-les-opportunites-dexportation","status":"publish","type":"post","link":"https:\/\/linitiative.ca\/International\/tournee-des-hommes-daffaires-algeriens-dans-plusieurs-pays-africains-prochainement-identifier-les-opportunites-dexportation\/","title":{"rendered":"Tourn\u00e9e des hommes d\u2019affaires alg\u00e9riens dans plusieurs pays africains prochainement :  Identifier les opportunit\u00e9s d\u2019exportation"},"content":{"rendered":"<p>\u00abLe minist\u00e8re du Commerce effectuera prochainement une tourn\u00e9e dans plusieurs pays africains \u00e0 laquelle prendront part des op\u00e9rateurs \u00e9conomiques nationaux\u00bb, a indiqu\u00e9 le directeur g\u00e9n\u00e9ral du commerce ext\u00e9rieur au minist\u00e8re du Commerce, Khaled Bouchlaghem, en marge de la 52e FIA. Intervenant, lors d\u2019une conf\u00e9rence-d\u00e9bat intitul\u00e9e \u00abLa strat\u00e9gie nationale d\u2019exportation et le march\u00e9 africain : Perspectives de la ZLECAF\u00bb, organis\u00e9e en marge de la 52e \u00e9dition de la Foire internationale d&rsquo;Alger (FIA-2019), il a soulign\u00e9 que cette visite guid\u00e9e aux pays africain constituera une opportunit\u00e9 idoine, pour, entre autres, identifier les opportunit\u00e9s d\u2019exportation des produits alg\u00e9riens sur le march\u00e9 africain. \u00abLa conqu\u00eate du march\u00e9 africain fait \u00e9galement partie des objectifs de la strat\u00e9gie nationale d\u2019exportation (SNE)\u00bb, dit-il. Il a rappel\u00e9, dans le cadre de la SNE, quatre consultations nationales ont \u00e9t\u00e9 tenues et qui avaient permis d\u2019identifier huit secteurs ayant un potentiel \u00e0 l\u2019export, dont quatre comme secteurs-pilotes, \u00e0 savoir les produits pharmaceutiques, technologies de l\u2019information et la communication, produits alimentaires et agricoles, ainsi que les \u00e9quipements de transport (composants automobiles). Les autres secteurs \u00e9galement identifi\u00e9s sont : les produits de la p\u00e9trochimie, les mat\u00e9riaux de construction, les cuirs et textiles, ainsi que le tourisme. Mettant l\u2019accent sur la Zone de libre-\u00e9change continentale africaine (ZLECAF), il a estim\u00e9 que celle-ci repr\u00e9sente plus d\u2019opportunit\u00e9s que de risques pour les op\u00e9rateurs \u00e9conomiques alg\u00e9riens. Appuyant ses dires il a ajout\u00e9 que \u00ables repr\u00e9sentants de plusieurs fili\u00e8res \u00e9conomiques avaient soulign\u00e9 l\u2019importance de cet espace continental pour l\u2019expansion de leurs activit\u00e9s et la contribution \u00e0 la promotion des exportations hors hydrocarbures\u00bb. S\u2019agissant des objectifs de la SNE, il a pr\u00e9cis\u00e9 qu\u2019elle vise \u00e0 diversifier l\u2019\u00e9conomie et les exportations alg\u00e9riennes pour en renforcer la r\u00e9silience et la durabilit\u00e9, ainsi que l\u2019am\u00e9lioration du climat des affaires pour attirer l\u2019investissement, renforcer la comp\u00e9titivit\u00e9 des entreprises et les aider \u00e0 int\u00e9grer les cha\u00eenes de valeurs mondiales. La SNE, dit-il, aspire aussi \u00e0 renforcer les capacit\u00e9s et la qualit\u00e9 de production et de gestion des entreprises orient\u00e9es vers l\u2019export, et aussi favoriser un commerce ext\u00e9rieur dans le cadre du d\u00e9veloppement durable et inclusif.<br \/>\u00c0 ce propos, M. Bouchlaghem a affirm\u00e9 que les cibles \u00e0 viser pour les exportations alg\u00e9riennes hors hydrocarbures sont : atteindre 7 milliards de dollars d\u2019exportations hors hydrocarbures comme potentiel \u00e0 moyen terme, \u00e9toffer l\u2019offre exportable d\u2019au moins 20 produits qui n\u2019ont jamais \u00e9t\u00e9 export\u00e9s et la p\u00e9n\u00e9tration de 15 nouveaux march\u00e9s, dont cinq en Afrique subsaharienne. S\u2019agissant des \u00e9changes commerciaux avec les pays du continent africain, il a indiqu\u00e9 ces derniers restent marginaux et domin\u00e9s par le commerce intra-pays arabes. Il a pr\u00e9cis\u00e9 que 80% des importations alg\u00e9riennes et 90% des exportations sont r\u00e9alis\u00e9es avec les pays de l\u2019Afrique du Nord. Le march\u00e9 africain repr\u00e9sente plus de 1,2 milliard de personnes (estimation de 2,5 milliards en 2050), 2,5 milliards de dollars de produit int\u00e9rieur brut combin\u00e9, et un potentiel commercial estim\u00e9 \u00e0 plus de 3.000 milliards de dollars, selon lui. Tout en soulignant qu\u2019actuellement, le commerce intra-africain ne repr\u00e9sente que 16% du commerce total du continent, contre 60% en Europe ou en Am\u00e9rique du Nord.<br \/>\u00a0\u00a0 \u00a0Makhlouf Ait Ziane<\/p>\n<p>Auteur: elmoudjahid<br \/>\n<a href=\"http:\/\/www.elmoudjahid.com\/fr\/actualites\/138590\">Cliquez ici pour lire l&rsquo;article depuis sa source.<\/a><\/p>\n","protected":false},"excerpt":{"rendered":"<p>\u00abLe minist\u00e8re du Commerce effectuera prochainement une tourn\u00e9e dans plusieurs pays africains \u00e0 laquelle prendront part des op\u00e9rateurs \u00e9conomiques nationaux\u00bb, a indiqu\u00e9 le directeur g\u00e9n\u00e9ral du commerce ext\u00e9rieur au minist\u00e8re du Commerce, Khaled Bouchlaghem, en marge de la 52e FIA. Intervenant, lors d\u2019une conf\u00e9rence-d\u00e9bat intitul\u00e9e \u00abLa strat\u00e9gie nationale d\u2019exportation et le march\u00e9 africain : Perspectives [&hellip;]<\/p>\n","protected":false},"author":1744,"featured_media":0,"comment_status":"closed","ping_status":"closed","sticky":false,"template":"","format":"standard","meta":{"fifu_image_url":"","fifu_image_alt":"","footnotes":""},"categories":[73,53],"tags":[],"class_list":["post-42975","post","type-post","status-publish","format-standard","hentry","category-actualite","category-algerie"],"_links":{"self":[{"href":"https:\/\/linitiative.ca\/International\/wp-json\/wp\/v2\/posts\/42975","targetHints":{"allow":["GET"]}}],"collection":[{"href":"https:\/\/linitiative.ca\/International\/wp-json\/wp\/v2\/posts"}],"about":[{"href":"https:\/\/linitiative.ca\/International\/wp-json\/wp\/v2\/types\/post"}],"author":[{"embeddable":true,"href":"https:\/\/linitiative.ca\/International\/wp-json\/wp\/v2\/users\/1744"}],"replies":[{"embeddable":true,"href":"https:\/\/linitiative.ca\/International\/wp-json\/wp\/v2\/comments?post=42975"}],"version-history":[{"count":0,"href":"https:\/\/linitiative.ca\/International\/wp-json\/wp\/v2\/posts\/42975\/revisions"}],"wp:attachment":[{"href":"https:\/\/linitiative.ca\/International\/wp-json\/wp\/v2\/media?parent=42975"}],"wp:term":[{"taxonomy":"category","embeddable":true,"href":"https:\/\/linitiative.ca\/International\/wp-json\/wp\/v2\/categories?post=42975"},{"taxonomy":"post_tag","embeddable":true,"href":"https:\/\/linitiative.ca\/International\/wp-json\/wp\/v2\/tags?post=42975"}],"curies":[{"name":"wp","href":"https:\/\/api.w.org\/{rel}","templated":true}]}}