{"id":42976,"date":"2019-06-26T19:00:00","date_gmt":"2019-06-26T23:00:00","guid":{"rendered":"https:\/\/linitiative.ca\/International\/durant-le-1er-trimestre-2019-pres-de-1-000-milliards-de-da-de-deficit-budgetaire\/"},"modified":"2019-06-26T19:00:00","modified_gmt":"2019-06-26T23:00:00","slug":"durant-le-1er-trimestre-2019-pres-de-1-000-milliards-de-da-de-deficit-budgetaire","status":"publish","type":"post","link":"https:\/\/linitiative.ca\/International\/durant-le-1er-trimestre-2019-pres-de-1-000-milliards-de-da-de-deficit-budgetaire\/","title":{"rendered":"Durant le 1er trimestre 2019 : Pr\u00e8s de 1.000 milliards de DA de d\u00e9ficit budg\u00e9taire"},"content":{"rendered":"<p>Le d\u00e9ficit budg\u00e9taire de l&rsquo;Alg\u00e9rie a atteint 992,67 milliards (mds) de DA durant le premier trimestre de 2019, contre 1.276,5 mds de DA durant la m\u00eame p\u00e9riode en 2018, en baisse de 22%, a-t-on appris hier aupr\u00e8s du minist\u00e8re des Finances. Les d\u00e9penses de fonctionnement ont augment\u00e9 \u00e0 1.556,5 mds de DA durant le 1er trimestre, contre 1.395,3 mds de DA (+11,55%) durant le m\u00eame trimestre en 2018. Les d\u00e9penses d&rsquo;\u00e9quipement (c&rsquo;est-\u00e0-dire d&rsquo;investissement) ont, quant \u00e0 elles, baiss\u00e9 de plus de 28%, passant \u00e0 pr\u00e8s de 892 mds de DA, contre 1.243,62 mds de DA durant la m\u00eame p\u00e9riode de comparaison. Les recettes budg\u00e9taires recouvr\u00e9es durant le premier trimestre de 2019 ont atteint 1.455,78 mds de DA, contre 1.362,41 mds de DA (+7%). La fiscalit\u00e9 p\u00e9troli\u00e8re recouvr\u00e9e durant les trois premiers mois de l\u2019ann\u00e9e a atteint 648,63 mds de DA (+3%), alors que la fiscalit\u00e9 ordinaire s\u2019est chiffr\u00e9e \u00e0 807,15 mds de DA (+10%). Le d\u00e9ficit global du Tr\u00e9sor enregistr\u00e9 au cours du 1er trimestre a \u00e9t\u00e9 de 1.352,5 mds de DA, soit quasiment inchang\u00e9 par rapport \u00e0 la m\u00eame p\u00e9riode en 2018. Le solde global du Tr\u00e9sor inclut, en plus du d\u00e9ficit budg\u00e9taire, les soldes des Comptes d&rsquo;affectation, hors fonds de r\u00e9gulation, des op\u00e9rations budg\u00e9taires et des Interventions du Tr\u00e9sor public.<br \/>\u00a0<\/p>\n<p>Auteur: elmoudjahid<br \/>\n<a href=\"http:\/\/www.elmoudjahid.com\/fr\/actualites\/138591\">Cliquez ici pour lire l&rsquo;article depuis sa source.<\/a><\/p>\n","protected":false},"excerpt":{"rendered":"<p>Le d\u00e9ficit budg\u00e9taire de l&rsquo;Alg\u00e9rie a atteint 992,67 milliards (mds) de DA durant le premier trimestre de 2019, contre 1.276,5 mds de DA durant la m\u00eame p\u00e9riode en 2018, en baisse de 22%, a-t-on appris hier aupr\u00e8s du minist\u00e8re des Finances. Les d\u00e9penses de fonctionnement ont augment\u00e9 \u00e0 1.556,5 mds de DA durant le 1er [&hellip;]<\/p>\n","protected":false},"author":1744,"featured_media":0,"comment_status":"closed","ping_status":"closed","sticky":false,"template":"","format":"standard","meta":{"fifu_image_url":"","fifu_image_alt":"","footnotes":""},"categories":[73,53],"tags":[],"class_list":["post-42976","post","type-post","status-publish","format-standard","hentry","category-actualite","category-algerie"],"_links":{"self":[{"href":"https:\/\/linitiative.ca\/International\/wp-json\/wp\/v2\/posts\/42976","targetHints":{"allow":["GET"]}}],"collection":[{"href":"https:\/\/linitiative.ca\/International\/wp-json\/wp\/v2\/posts"}],"about":[{"href":"https:\/\/linitiative.ca\/International\/wp-json\/wp\/v2\/types\/post"}],"author":[{"embeddable":true,"href":"https:\/\/linitiative.ca\/International\/wp-json\/wp\/v2\/users\/1744"}],"replies":[{"embeddable":true,"href":"https:\/\/linitiative.ca\/International\/wp-json\/wp\/v2\/comments?post=42976"}],"version-history":[{"count":0,"href":"https:\/\/linitiative.ca\/International\/wp-json\/wp\/v2\/posts\/42976\/revisions"}],"wp:attachment":[{"href":"https:\/\/linitiative.ca\/International\/wp-json\/wp\/v2\/media?parent=42976"}],"wp:term":[{"taxonomy":"category","embeddable":true,"href":"https:\/\/linitiative.ca\/International\/wp-json\/wp\/v2\/categories?post=42976"},{"taxonomy":"post_tag","embeddable":true,"href":"https:\/\/linitiative.ca\/International\/wp-json\/wp\/v2\/tags?post=42976"}],"curies":[{"name":"wp","href":"https:\/\/api.w.org\/{rel}","templated":true}]}}