{"id":42979,"date":"2019-06-26T19:00:00","date_gmt":"2019-06-26T23:00:00","guid":{"rendered":"https:\/\/linitiative.ca\/International\/exposition-une-retrospective-planete-malek-au-mama\/"},"modified":"2019-06-26T19:00:00","modified_gmt":"2019-06-26T23:00:00","slug":"exposition-une-retrospective-planete-malek-au-mama","status":"publish","type":"post","link":"https:\/\/linitiative.ca\/International\/exposition-une-retrospective-planete-malek-au-mama\/","title":{"rendered":"Exposition \u00ab Une r\u00e9trospective plan\u00e8te Malek \u00bb, au MAMA"},"content":{"rendered":"<p><strong>Chaque alg\u00e9rien fredonne la bande sonore du chef-d\u2019\u0153uvre les Vacances de l\u2019inspecteur Tahar, r\u00e9alis\u00e9 par Moussa Haddad, ou garde dans son subconscient la m\u00e9lodie du film Omar Gatlato, de Merzak Allouache, mais peu sont ceux qui savent que ces musiques ont \u00e9t\u00e9 compos\u00e9es par Ahmed Malek, pour qui un vibrant hommage est rendu au mus\u00e9e des arts modernes et d\u2019art contemporain (MAMA) \u00e0 Alger, jusqu\u2019au 31 juillet, \u00e0 travers une exposition intitul\u00e9e \u00abUne r\u00e9trospective Plan\u00e8te Malek\u00bb.<\/strong><\/p>\n<p>Il est de loin l\u2019un des meilleurs compositeurs de l\u2019histoire de l\u2019Alg\u00e9rie contemporaine avec une grande rayonnante \u00e0 l\u2019international. Pianiste virtuose, il compose pour des \u00e9missions de t\u00e9l\u00e9vision, des documentaires, du th\u00e9\u00e2tre et surtout pour le cin\u00e9ma.<br \/>Il s\u2019int\u00e9resse \u00e0 l\u2019utilisation des technologies nouvelles dans la musique assurant un lien entre la musique traditionnelle alg\u00e9rienne et un courant plus moderniste.<br \/>L\u2019exposition propose aux visiteurs une immersion dans la plan\u00e8te de ce grand compositeur \u00e0 travers des outils personnels de l\u2019artiste, ces instruments de travail, des bandes sonores et vid\u00e9os de ses meilleurs compositions, ainsi que des photos et affiches t\u00e9moignant ses gloires dans les quatre coins du monde.<br \/>Les affiches des films sur lesquels Ahmed Malek a travaill\u00e9 sont placard\u00e9es aux rayons de la galerie.<br \/>On aper\u00e7oit des chefs-d\u2019\u0153uvres du septi\u00e8me art alg\u00e9rien, qui a connu ses ann\u00e9es de gloire aux ann\u00e9es 1970 et 1980, avec notamment sa composition des bandes sonores de plusieurs films d\u2019anthologie, \u00e0 l\u2019exemple de \u00abLes d\u00e9racin\u00e9s\u00bb, \u00abL\u2019h\u00e9ritage\u00bb, \u00abLes enfants de Novembre\u00bb, \u00abLes vacances de l\u2019inspecteur Tahar\u00bb, \u00abOmar Gatlato\u00bb, \u00abLeila et ses s\u0153urs\u00bb ou encore \u00abLe charbonnier\u00bb.<br \/>N\u00e9 le 6 Mars 1932 \u00e0 Bordj El Kiffan, Alger. Ahmed Malek d\u00e9cide de faire une carri\u00e8re musicale \u00e0 l\u2019\u00e2ge de douze ans apr\u00e8s le d\u00e9c\u00e8s de sa m\u00e8re.<br \/>Apr\u00e8s avoir fini l\u2019\u00e9cole il s\u2019inscrit au conservatoire d\u2019Alger.<br \/>Tr\u00e8s t\u00f4t, il utilisa sa carri\u00e8re pour voyager comme au festival d\u2019Helsinki en 1962, \u00e0 Montr\u00e9al en 1967, \u00e0 Osaka au Japon en 1970, \u00e0 Prague en Tch\u00e9coslovaquie, \u00e0 Cuba et \u00e0 Baltimore aux Etats-Unis.<br \/>Bien qu\u2019il continu\u00e2t \u00e0 beaucoup voyager, Ahmed Malek n\u2019arr\u00eata pas d\u2019\u00eatre actif en Alg\u00e9rie dans les ann\u00e9es 1970.<br \/>Il fut soliste de fl\u00fbte de l\u2019orchestre symphonique au Festival Panafricain d\u2019Alger. En 1972, il est honor\u00e9 du premier prix des \u00abArts et des lettres de la composition\u00bb pour les compositions symphoniques cr\u00e9es pour le 10e anniversaire de l\u2019ind\u00e9pendance. En 1974, Ahmed Malek devint professeur de fl\u00fbte au conservatoire d\u2019Alger. En 1976, il re\u00e7ut la m\u00e9daille d\u2019or au \u00abPanafricain Festival\u00bb d\u2019Alger.<br \/>Kader Bentoun\u00e8s<\/p>\n<p>Auteur: elmoudjahid<br \/>\n<a href=\"http:\/\/www.elmoudjahid.com\/fr\/actualites\/138594\">Cliquez ici pour lire l&rsquo;article depuis sa source.<\/a><\/p>\n","protected":false},"excerpt":{"rendered":"<p>Chaque alg\u00e9rien fredonne la bande sonore du chef-d\u2019\u0153uvre les Vacances de l\u2019inspecteur Tahar, r\u00e9alis\u00e9 par Moussa Haddad, ou garde dans son subconscient la m\u00e9lodie du film Omar Gatlato, de Merzak Allouache, mais peu sont ceux qui savent que ces musiques ont \u00e9t\u00e9 compos\u00e9es par Ahmed Malek, pour qui un vibrant hommage est rendu au mus\u00e9e [&hellip;]<\/p>\n","protected":false},"author":1744,"featured_media":0,"comment_status":"closed","ping_status":"closed","sticky":false,"template":"","format":"standard","meta":{"fifu_image_url":"","fifu_image_alt":"","footnotes":""},"categories":[73,53],"tags":[],"class_list":["post-42979","post","type-post","status-publish","format-standard","hentry","category-actualite","category-algerie"],"_links":{"self":[{"href":"https:\/\/linitiative.ca\/International\/wp-json\/wp\/v2\/posts\/42979","targetHints":{"allow":["GET"]}}],"collection":[{"href":"https:\/\/linitiative.ca\/International\/wp-json\/wp\/v2\/posts"}],"about":[{"href":"https:\/\/linitiative.ca\/International\/wp-json\/wp\/v2\/types\/post"}],"author":[{"embeddable":true,"href":"https:\/\/linitiative.ca\/International\/wp-json\/wp\/v2\/users\/1744"}],"replies":[{"embeddable":true,"href":"https:\/\/linitiative.ca\/International\/wp-json\/wp\/v2\/comments?post=42979"}],"version-history":[{"count":0,"href":"https:\/\/linitiative.ca\/International\/wp-json\/wp\/v2\/posts\/42979\/revisions"}],"wp:attachment":[{"href":"https:\/\/linitiative.ca\/International\/wp-json\/wp\/v2\/media?parent=42979"}],"wp:term":[{"taxonomy":"category","embeddable":true,"href":"https:\/\/linitiative.ca\/International\/wp-json\/wp\/v2\/categories?post=42979"},{"taxonomy":"post_tag","embeddable":true,"href":"https:\/\/linitiative.ca\/International\/wp-json\/wp\/v2\/tags?post=42979"}],"curies":[{"name":"wp","href":"https:\/\/api.w.org\/{rel}","templated":true}]}}