{"id":42981,"date":"2019-06-26T19:00:00","date_gmt":"2019-06-26T23:00:00","guid":{"rendered":"https:\/\/linitiative.ca\/International\/procession-de-sidi-cheikh-a-el-bayadh-un-rituel-seculaire-bien-ancre\/"},"modified":"2019-06-26T19:00:00","modified_gmt":"2019-06-26T23:00:00","slug":"procession-de-sidi-cheikh-a-el-bayadh-un-rituel-seculaire-bien-ancre","status":"publish","type":"post","link":"https:\/\/linitiative.ca\/International\/procession-de-sidi-cheikh-a-el-bayadh-un-rituel-seculaire-bien-ancre\/","title":{"rendered":"Procession de Sidi Cheikh \u00e0 El-Bayadh : Un rituel s\u00e9culaire bien ancr\u00e9"},"content":{"rendered":"<p>Chaque ann\u00e9e, la procession \u00ab\u00a0Rakb\u00a0\u00bb de Sidi Cheikh, un\u00a0\u00a0 rituel d\u00e9di\u00e9 au saint patron de cette r\u00e9gion, est toute une tradition ancr\u00e9e dans les esprits des populations de la wilaya d\u2019El Bayadh\u00a0\u00a0 et de wilayas voisines.\u00a0 Une occasion pour Labiodh Sidi cheikh de se rappeler aux bons souvenirs de cette personnalit\u00e9 religieuse soufie dont elle porte le nom, de se rem\u00e9morer ses qualit\u00e9s et permettre aux nouvelles g\u00e9n\u00e9rations d&rsquo;\u00eatre baign\u00e9s de son aura et de s&rsquo;inspirer de ses bonnes actions. Ce symbole,\u00a0\u00a0 intrins\u00e8quement li\u00e9 \u00e0 cette localit\u00e9 et qui constitue, aujourd&rsquo;hui, le patrimoine culturel de cette r\u00e9gion des Hauts plateaux, doit \u00eatre revaloris\u00e9 et sauvegard\u00e9. Labiodh Sidi Cheikh, commune situ\u00e9e au sud-ouest de la wilaya d&rsquo;El Bayadh, continue \u00e0 perp\u00e9tuer cette procession qu&rsquo;on appelle aussi \u00ab\u00a0wa\u00e2da\u00a0\u00bb qui aura\u00a0\u00a0 lieu demain mercredi.\u00a0 Une wa\u00e2da, mais aussi un point de ralliement qui verra un flux important\u00a0\u00a0 de visiteurs du pays et de l&rsquo;\u00e9tranger pour redonner vie \u00e0 ce rituel ancr\u00e9\u00a0\u00a0 dans l\u2019histoire de la r\u00e9gion et rem\u00e9morer le Cheikh, de son vrai nom Sidi\u00a0\u00a0 Abdelkader Ben Mohamed Ben Slimane Ben Abi Smaha, n\u00e9 dans les environs de\u00a0\u00a0 la r\u00e9gion d\u2019Arbaouet, \u00e0 une vingtaine de kilom\u00e8tres du chef-lieu de daira\u00a0\u00a0 de Labiodh Sidi Cheikh.\u00a0 C\u2019est dans les environs de Chellala, dans la wilaya d\u2019El Bayadh, qu\u2019a v\u00e9cu\u00a0\u00a0 Sidi Cheikh (1533-1616), connu comme \u00e9tant le fondateur de la confr\u00e9rie\u00a0\u00a0 (tariqa) cheikhia, selon des sources historiques.\u00a0 Ma\u00e2zouz Boubekeur, sp\u00e9cialiste en histoire et patrimoine de la r\u00e9gion et\u00a0\u00a0 chercheur en soufisme, souligne que Sidi Cheikh, un grand soufi dont se\u00a0\u00a0 targue de l\u2019appeler les habitants de Labiodh Sidi Cheikh et d\u2019El Bayadh en\u00a0\u00a0 g\u00e9n\u00e9ral, faisait partie des Ul\u00e9mas du soufisme les plus en vue. Il fut le\u00a0\u00a0 fondateur de la zaouia et de la tariqa \u00ab\u00a0cheikhia\u00a0\u00bb qui compte plusieurs\u00a0\u00a0 adeptes aussi bien en Alg\u00e9rie qu&rsquo;\u00e0 l\u2019\u00e9tranger.<\/p>\n<p><strong>Sciences religieuses<\/strong><\/p>\n<p>\u00a0\u00ab\u00a0Tout au long de sa vie, il \u00e9tait une r\u00e9f\u00e9rence pour ceux qui d\u00e9siraient\u00a0\u00a0 apprendre les Sciences religieuses. On venait de partout pour s\u2019abreuver en Savoir et pour acqu\u00e9rir le secret des valeurs morales et spirituelles du\u00a0\u00a0 cheikh\u00a0\u00bb, a-t-il dit.\u00a0 Sidi Cheikh est connu \u00e9galement pour son djihad et pour sa r\u00e9sistance\u00a0\u00a0 contre le colonialisme espagnol durant les conqu\u00eates dans la r\u00e9gion d\u2019Oran les 16e et 17e si\u00e8cles. V\u00e9n\u00e9r\u00e9 et respect\u00e9 de tous, notamment par ses disciples, pour avoir r\u00e9ussi \u00e0 allier religion, science, djihad et\u00a0\u00a0 soufisme, Sidi Cheikh est reconnu surtout pour sa notori\u00e9t\u00e9, en t\u00e9moignent les visites des populations avant sa mort.\u00a0 Son mausol\u00e9e dans la ville de Labiodh Sidi Cheikh est devenu un lieu de ralliement des populations qui viennent de l\u2019int\u00e9rieur comme de l\u2019ext\u00e9rieur du pays chaque ann\u00e9e pour revisiter son \u0153uvre. Outre la r\u00e9citation du Coran, connue sous l\u2019appellation de \u00ab\u00a0Selka\u00a0\u00bb, les mouridine de la tariqa chekhia psalmodient, en choeur , pendant toute une nuit, des madihs et des qacidate (un r\u00e9cital de son \u0153uvre po\u00e9tique \u00ab\u00a0El Yaqouta\u00a0\u00bb.<br \/>\u00a0Des conf\u00e9rences portant sur des th\u00e8mes religieux seront organis\u00e9s. A\u00a0 l\u2019occasion de cet \u00e9v\u00e8nement festif, des repas seront servis aux invit\u00e9s. Cette occasion permettra \u00e9galement de calmer et aplanir les diff\u00e9rends entre les familles. Les jeux \u00e9questres \u00ab\u00a0Fantasia\u00a0\u00bb, exhibitions de la cavalerie, sont annonc\u00e9s\u00a0\u00a0 \u00e0 l\u2019occasion de cette wa\u00e2da class\u00e9e patrimoine culturel immat\u00e9riel universel par l\u2019UNESCO en 2013. L&rsquo;authenticit\u00e9 du \u00ab\u00a0Rakb\u00a0\u00bb de Labiodh Sidi Cheikh remonte dans le temps, selon la m\u00eame source. Cette procession est un rassemblement annuel des populations \u00ab\u00a0Stiten\u00a0\u00bb, une localit\u00e9 situ\u00e9e \u00e0 pr\u00e8s de 35 kilom\u00e8tres au sud-est de la ville d\u2019El Bayadh, affluant en masse et de loin avec leurs bagages et montures pour comm\u00e9morer la mort du Cheikh . Il s\u2019agit d\u2019un cort\u00e8ge fun\u00e9raire exceptionnel, selon certaines sources qui consid\u00e8rent que ce saint-patron est d\u00e9c\u00e9d\u00e9 \u00e0 Stiten succombant \u00e0 des blessures dans une bataille contre l&rsquo;occupant espagnol, \u00e0 l&rsquo;\u00e9poque, livr\u00e9e sur les c\u00f4tes oranaises.\u00a0<br \/>\u00a0<br \/><strong>La zaou\u00efa cheikhia<\/strong><\/p>\n<p>Sidi Cheikh se rendit chez l\u2019une des tribus de la r\u00e9gion de Stiten avant\u00a0\u00a0 de tirer sa r\u00e9v\u00e9rence chez eux en l\u2019an 1025 de l\u2019h\u00e9gire, laissant derri\u00e8re lui un testament o\u00f9 il \u00e9mit le voeu d&rsquo;\u00eatre enterr\u00e9 \u00e0 Labiodh Sidi Cheikh. Il a fallu trois jours de marche au grand cort\u00e8ge fun\u00e9raire pour rallier Labiodh Sidi Cheikh, depuis Stiten jusqu\u2019\u00e0 \u00ab\u00a0Sidi Cheikh\u00a0\u00bb o\u00f9 il fut enterr\u00e9\u00a0\u00a0 en pr\u00e9sence de quelque 350 disciples. La r\u00e9gion s&rsquo;appelait avant sa mort, \u00ab\u00a0Labiodh\u00a0\u00bb pour devenir ensuite Labiodh sidi cheikh, a-t-on \u00e9voqu\u00e9. D\u2019autres sources historiques estiment que cette procession a un rapport avec une histoire qui s\u2019est produite durant la vie du fondateur de la zaouia cheikhia, connu chez les populations locales de \u00ab\u00a0l\u2019homme malade\u00a0\u00bb.\u00a0 D&rsquo;apr\u00e8s une l\u00e9gende, cet homme, issu de la r\u00e9gion de Stiten, avait une\u00a0\u00a0 place de choix chez les habitants de la r\u00e9gion. Il \u00e9tait affect\u00e9 d&rsquo;une\u00a0\u00a0 maladie difficile \u00e0 gu\u00e9rir dans le temps. C\u2019est pour cela, qu\u2019il \u00e9tait venu\u00a0\u00a0 \u00e0 Sidi Cheikh car il disait s\u2019il se r\u00e9tablirait de sa maladie, il fera une offrande qui sera r\u00e9it\u00e9r\u00e9e chaque ann\u00e9e, a-t-on racont\u00e9.\u00a0 D\u2019apr\u00e8s la l\u00e9gende, cet homme qui s\u2019\u00e9tait r\u00e9tabli de sa maladie avait tenu sa promesse et c\u2019est comme \u00e7a que le terme Rakb est venu. Une f\u00eate, \u00ab\u00a0Rakb Stiten\u00a0\u00bb, lui a \u00e9t\u00e9 d\u00e9di\u00e9e par les habitants de sa r\u00e9gion, v\u00e9ritable procession de majestueux cavaliers, mais aussi de mulets charg\u00e9s de provisions, se dirige vers le mausol\u00e9e de Sidi Cheikh chaque ann\u00e9e en signe de reconnaissance et pour consolider les liens entre les populations. Ce rituel s\u2019est prolong\u00e9 jusqu\u2019apr\u00e8s sa mort, selon le chercheur Ma\u00e2zouz Aboubakr, de m\u00eame que l\u2019organisation de la cavalerie et la Fantasia et bapt\u00eame de baroud au grand bonheur des visiteurs, qui se rassemblent tout autour de la cour adjacente du mausol\u00e9e, pour appr\u00e9cier les us et coutumes de la r\u00e9gion et se d\u00e9lecter des tableaux riches en couleurs et de l&rsquo;ambiance color\u00e9e de cet \u00e9v\u00e8nement o\u00f9 se m\u00ealent liesse et bombance.\u00a0<br \/>R. C.\/aps<br \/>\u00a0<\/p>\n<p>Auteur: elmoudjahid<br \/>\n<a href=\"http:\/\/www.elmoudjahid.com\/fr\/actualites\/138596\">Cliquez ici pour lire l&rsquo;article depuis sa source.<\/a><\/p>\n","protected":false},"excerpt":{"rendered":"<p>Chaque ann\u00e9e, la procession \u00ab\u00a0Rakb\u00a0\u00bb de Sidi Cheikh, un\u00a0\u00a0 rituel d\u00e9di\u00e9 au saint patron de cette r\u00e9gion, est toute une tradition ancr\u00e9e dans les esprits des populations de la wilaya d\u2019El Bayadh\u00a0\u00a0 et de wilayas voisines.\u00a0 Une occasion pour Labiodh Sidi cheikh de se rappeler aux bons souvenirs de cette personnalit\u00e9 religieuse soufie dont elle [&hellip;]<\/p>\n","protected":false},"author":1744,"featured_media":0,"comment_status":"closed","ping_status":"closed","sticky":false,"template":"","format":"standard","meta":{"fifu_image_url":"","fifu_image_alt":"","footnotes":""},"categories":[73,53],"tags":[],"class_list":["post-42981","post","type-post","status-publish","format-standard","hentry","category-actualite","category-algerie"],"_links":{"self":[{"href":"https:\/\/linitiative.ca\/International\/wp-json\/wp\/v2\/posts\/42981","targetHints":{"allow":["GET"]}}],"collection":[{"href":"https:\/\/linitiative.ca\/International\/wp-json\/wp\/v2\/posts"}],"about":[{"href":"https:\/\/linitiative.ca\/International\/wp-json\/wp\/v2\/types\/post"}],"author":[{"embeddable":true,"href":"https:\/\/linitiative.ca\/International\/wp-json\/wp\/v2\/users\/1744"}],"replies":[{"embeddable":true,"href":"https:\/\/linitiative.ca\/International\/wp-json\/wp\/v2\/comments?post=42981"}],"version-history":[{"count":0,"href":"https:\/\/linitiative.ca\/International\/wp-json\/wp\/v2\/posts\/42981\/revisions"}],"wp:attachment":[{"href":"https:\/\/linitiative.ca\/International\/wp-json\/wp\/v2\/media?parent=42981"}],"wp:term":[{"taxonomy":"category","embeddable":true,"href":"https:\/\/linitiative.ca\/International\/wp-json\/wp\/v2\/categories?post=42981"},{"taxonomy":"post_tag","embeddable":true,"href":"https:\/\/linitiative.ca\/International\/wp-json\/wp\/v2\/tags?post=42981"}],"curies":[{"name":"wp","href":"https:\/\/api.w.org\/{rel}","templated":true}]}}