{"id":42983,"date":"2019-06-27T06:11:02","date_gmt":"2019-06-27T10:11:02","guid":{"rendered":"https:\/\/linitiative.ca\/International\/91159-can-2019-ryad-mahrez-dans-l-equipe-type-de-la-premiere-journee\/"},"modified":"2019-06-27T06:11:02","modified_gmt":"2019-06-27T10:11:02","slug":"91159-can-2019-ryad-mahrez-dans-l-equipe-type-de-la-premiere-journee","status":"publish","type":"post","link":"https:\/\/linitiative.ca\/International\/91159-can-2019-ryad-mahrez-dans-l-equipe-type-de-la-premiere-journee\/","title":{"rendered":"CAN 2019 : Ryad Mahrez dans l&rsquo;equipe type de la premiere journ\u00e9e"},"content":{"rendered":"<div>\n<div class=\"K2FeedImage\"><img decoding=\"async\" src=\"http:\/\/www.aps.dz\/media\/k2\/items\/cache\/22679ac07c408f63d2e1c39e3b0086b3_S.jpg\" alt=\"CAN 2019 : Ryad Mahrez dans l'equipe type de la premiere journ\u00e9e\"><\/div>\n<div class=\"K2FeedIntroText\">\n<p><strong>LE CAIRE &#8211; L&rsquo;international alg\u00e9rien Ryad Mahrez, buteur contre le Kenya (2-0) lors de la premiere sortie des Verts en phase finale de la Coupe d&rsquo;Afrique des Nations CAN 2019, figure dans l&rsquo;\u00e9quipe type propos\u00e9e par la r\u00e9daction d&rsquo;Orange Football Club.<\/strong><\/p>\n<\/div>\n<div class=\"K2FeedFullText\">\n<p>On d\u00e9couvre\u00a0 une formation r\u00e9solument offensive, organis\u00e9e en un atypique 3-4-3 \u00e0 m\u00eame de mettre en exergue les performances exceptionnelles d\u2019attaquants africains \u00e9prouv\u00e9s particuli\u00e8rement prolifiques lors des douze premi\u00e8res rencontres de la comp\u00e9tition (26 buts sign\u00e9s, soit une moyenne de 2,16 buts par match).<\/p>\n<p>\u00a0<\/p>\n<p style=\"text-align: center;\"><span style=\"font-size: 14pt;\"><strong>L\u2019\u00e9quipe type de la premi\u00e8re journ\u00e9e de la CAN 2019 :<\/strong><\/span><\/p>\n<p>\u00a0<\/p>\n<p><strong>Gardien de but :<\/strong> Yassine Bounou (Maroc)<\/p>\n<p><strong>D\u00e9fenseurs :<\/strong> Kalidou Koulibaly (S\u00e9n\u00e9gal), Yaya Banana (Cameroun),Serge Aurier (C\u00f4te d&rsquo;Ivoire),<\/p>\n<p><strong>Milieux de terrain :<\/strong> Kr\u00e9pin Diatta (S\u00e9n\u00e9gal), Adama \u00ab\u00a0Noss\u00a0\u00bb Traor\u00e9 (Mali), Jordan Ayew (Ghana),Micka\u00ebl Pot\u00e9 (B\u00e9nin)<\/p>\n<p><strong>Attaquants :<\/strong> Farouk Miya (Ouganda), Sory Kaba (Guin\u00e9e), Riyad Mahrez (Alg\u00e9rie).<\/p>\n<\/div>\n<p><img loading=\"lazy\" decoding=\"async\" src=\"http:\/\/feeds.feedburner.com\/~r\/aps-sport\/~4\/zx22fjO5fDM\" height=\"1\" width=\"1\" alt=\"\"><\/div>\n<p>Auteur:<br \/>\n<a href=\"http:\/\/www.aps.dz\/sport\/91159-can-2019-ryad-mahrez-dans-l-equipe-type-de-la-premiere-journee?utm_source=feedburner&#038;utm_medium=feed&#038;utm_campaign=Feed%3A+aps-sport+%28APS+-+SPORT%29\">Cliquez ici pour lire l&rsquo;article depuis sa source.<\/a><\/p>\n","protected":false},"excerpt":{"rendered":"<p>LE CAIRE &#8211; L&rsquo;international alg\u00e9rien Ryad Mahrez, buteur contre le Kenya (2-0) lors de la premiere sortie des Verts en phase finale de la Coupe d&rsquo;Afrique des Nations CAN 2019, figure dans l&rsquo;\u00e9quipe type propos\u00e9e par la r\u00e9daction d&rsquo;Orange Football Club. On d\u00e9couvre\u00a0 une formation r\u00e9solument offensive, organis\u00e9e en un atypique 3-4-3 \u00e0 m\u00eame de [&hellip;]<\/p>\n","protected":false},"author":1790,"featured_media":42984,"comment_status":"closed","ping_status":"closed","sticky":false,"template":"","format":"standard","meta":{"fifu_image_url":"","fifu_image_alt":"","footnotes":""},"categories":[53,75],"tags":[],"class_list":["post-42983","post","type-post","status-publish","format-standard","has-post-thumbnail","hentry","category-algerie","category-sport"],"_links":{"self":[{"href":"https:\/\/linitiative.ca\/International\/wp-json\/wp\/v2\/posts\/42983","targetHints":{"allow":["GET"]}}],"collection":[{"href":"https:\/\/linitiative.ca\/International\/wp-json\/wp\/v2\/posts"}],"about":[{"href":"https:\/\/linitiative.ca\/International\/wp-json\/wp\/v2\/types\/post"}],"author":[{"embeddable":true,"href":"https:\/\/linitiative.ca\/International\/wp-json\/wp\/v2\/users\/1790"}],"replies":[{"embeddable":true,"href":"https:\/\/linitiative.ca\/International\/wp-json\/wp\/v2\/comments?post=42983"}],"version-history":[{"count":0,"href":"https:\/\/linitiative.ca\/International\/wp-json\/wp\/v2\/posts\/42983\/revisions"}],"wp:featuredmedia":[{"embeddable":true,"href":"https:\/\/linitiative.ca\/International\/wp-json\/"}],"wp:attachment":[{"href":"https:\/\/linitiative.ca\/International\/wp-json\/wp\/v2\/media?parent=42983"}],"wp:term":[{"taxonomy":"category","embeddable":true,"href":"https:\/\/linitiative.ca\/International\/wp-json\/wp\/v2\/categories?post=42983"},{"taxonomy":"post_tag","embeddable":true,"href":"https:\/\/linitiative.ca\/International\/wp-json\/wp\/v2\/tags?post=42983"}],"curies":[{"name":"wp","href":"https:\/\/api.w.org\/{rel}","templated":true}]}}