{"id":42985,"date":"2019-06-27T06:55:23","date_gmt":"2019-06-27T10:55:23","guid":{"rendered":"https:\/\/linitiative.ca\/International\/91162-jeux-mediterraneens-oran-2021-mohamed-el-morro-releve-de-ses-fonctions\/"},"modified":"2019-06-27T06:55:23","modified_gmt":"2019-06-27T10:55:23","slug":"91162-jeux-mediterraneens-oran-2021-mohamed-el-morro-releve-de-ses-fonctions","status":"publish","type":"post","link":"https:\/\/linitiative.ca\/International\/91162-jeux-mediterraneens-oran-2021-mohamed-el-morro-releve-de-ses-fonctions\/","title":{"rendered":"JM 2021: Mohamed El Morro relev\u00e9 de ses fonctions de DG de la 19eme \u00e9dition d&rsquo;Oran"},"content":{"rendered":"<div>\n<div class=\"K2FeedImage\"><img decoding=\"async\" src=\"http:\/\/www.aps.dz\/media\/k2\/items\/cache\/1ad03674df1e0ab28d64c6972c51b8a2_S.jpg\" alt=\"JM 2021: Mohamed El Morro relev\u00e9 de ses fonctions de DG de la 19eme \u00e9dition d'Oran\"><\/div>\n<div class=\"K2FeedIntroText\">\n<p><strong>ORAN &#8211; Mohamed El Morro a \u00e9t\u00e9 relev\u00e9 mercredi soir de ses fonctions de Directeur g\u00e9n\u00e9ral des Jeux M\u00e9diterran\u00e9ens qu\u2019abritera Oran en 2021, a-t-on appris aupr\u00e8s du minist\u00e8re de la Jeunesse et des Sports (MJS).<\/strong><\/p>\n<\/div>\n<div class=\"K2FeedFullText\">\n<p>Le MJS, qui n\u2019a pas pr\u00e9cis\u00e9 les motifs de cette d\u00e9cision, a indiqu\u00e9 qu\u2019un nouveau Directeur g\u00e9n\u00e9ral sera d\u00e9sign\u00e9 prochainement.<\/p>\n<p>Les pr\u00e9paratifs relatifs \u00e0 l\u2019organisation de la 19e \u00e9dition de ces joutes sportives r\u00e9gionales ont fait l\u2019objet d\u2019un conseil interminist\u00e9riel pr\u00e9sid\u00e9 r\u00e9cemment par le Premier ministre, Noureddine Bedoui.<\/p>\n<p>Plusieurs mesures ont \u00e9t\u00e9 prises dont la mise en place d\u2019une commission nationale qui suivra la pr\u00e9paration de ces jeux ainsi qu\u2019une commission technique interminist\u00e9rielle supervis\u00e9e par le ministre de l\u2019Habitat, de l\u2019Urbanisme et de la Ville. Celle-ci regroupe les SG des minist\u00e8resconcern\u00e9s pour s\u2019enqu\u00e9rir mensuellement de l\u2019avancement des projets et proposer toutes les solutions techniques, financi\u00e8res ou organisationnelles, afin d\u2019accompagner l\u2019action des autorit\u00e9s de la wilaya d\u2019Oran.<\/p>\n<p>Il a \u00e9t\u00e9 d\u00e9cid\u00e9 \u00e9galement d\u2019installer un comit\u00e9 aupr\u00e8s du Directeur de cabinet du Premier ministre pour \u00e9valuer le travail de la commission et des sous-commissions.<\/p>\n<p>La commission technique interminist\u00e9rielle est attendue ce jeudi \u00e0 Oran pour sa premi\u00e8re mission sur le terrain.<\/p>\n<p>Mohamed El Morro, ex-pr\u00e9sident de l\u2019ASM Oran (Ligue 2, Alg\u00e9rie), avait \u00e9t\u00e9 install\u00e9 par l\u2019ex-ministre de la jeunesse et des sports, Mohamed Hattab,\u00a0 en novembre 2018, comme directeur g\u00e9n\u00e9ral de la 19e \u00e9dition des jeux m\u00e9diterran\u00e9ens (JM) que va organiser Oran en 2021.<\/p>\n<\/div>\n<p><img loading=\"lazy\" decoding=\"async\" src=\"http:\/\/feeds.feedburner.com\/~r\/aps-sport\/~4\/bpCEIScSc1A\" height=\"1\" width=\"1\" alt=\"\"><\/div>\n<p>Auteur:<br \/>\n<a href=\"http:\/\/www.aps.dz\/sport\/91162-jeux-mediterraneens-oran-2021-mohamed-el-morro-releve-de-ses-fonctions?utm_source=feedburner&#038;utm_medium=feed&#038;utm_campaign=Feed%3A+aps-sport+%28APS+-+SPORT%29\">Cliquez ici pour lire l&rsquo;article depuis sa source.<\/a><\/p>\n","protected":false},"excerpt":{"rendered":"<p>ORAN &#8211; Mohamed El Morro a \u00e9t\u00e9 relev\u00e9 mercredi soir de ses fonctions de Directeur g\u00e9n\u00e9ral des Jeux M\u00e9diterran\u00e9ens qu\u2019abritera Oran en 2021, a-t-on appris aupr\u00e8s du minist\u00e8re de la Jeunesse et des Sports (MJS). Le MJS, qui n\u2019a pas pr\u00e9cis\u00e9 les motifs de cette d\u00e9cision, a indiqu\u00e9 qu\u2019un nouveau Directeur g\u00e9n\u00e9ral sera d\u00e9sign\u00e9 prochainement. [&hellip;]<\/p>\n","protected":false},"author":1790,"featured_media":42986,"comment_status":"closed","ping_status":"closed","sticky":false,"template":"","format":"standard","meta":{"fifu_image_url":"","fifu_image_alt":"","footnotes":""},"categories":[53,75],"tags":[],"class_list":["post-42985","post","type-post","status-publish","format-standard","has-post-thumbnail","hentry","category-algerie","category-sport"],"_links":{"self":[{"href":"https:\/\/linitiative.ca\/International\/wp-json\/wp\/v2\/posts\/42985","targetHints":{"allow":["GET"]}}],"collection":[{"href":"https:\/\/linitiative.ca\/International\/wp-json\/wp\/v2\/posts"}],"about":[{"href":"https:\/\/linitiative.ca\/International\/wp-json\/wp\/v2\/types\/post"}],"author":[{"embeddable":true,"href":"https:\/\/linitiative.ca\/International\/wp-json\/wp\/v2\/users\/1790"}],"replies":[{"embeddable":true,"href":"https:\/\/linitiative.ca\/International\/wp-json\/wp\/v2\/comments?post=42985"}],"version-history":[{"count":0,"href":"https:\/\/linitiative.ca\/International\/wp-json\/wp\/v2\/posts\/42985\/revisions"}],"wp:featuredmedia":[{"embeddable":true,"href":"https:\/\/linitiative.ca\/International\/wp-json\/"}],"wp:attachment":[{"href":"https:\/\/linitiative.ca\/International\/wp-json\/wp\/v2\/media?parent=42985"}],"wp:term":[{"taxonomy":"category","embeddable":true,"href":"https:\/\/linitiative.ca\/International\/wp-json\/wp\/v2\/categories?post=42985"},{"taxonomy":"post_tag","embeddable":true,"href":"https:\/\/linitiative.ca\/International\/wp-json\/wp\/v2\/tags?post=42985"}],"curies":[{"name":"wp","href":"https:\/\/api.w.org\/{rel}","templated":true}]}}