{"id":42987,"date":"2019-06-27T07:27:06","date_gmt":"2019-06-27T11:27:06","guid":{"rendered":"https:\/\/linitiative.ca\/International\/91165-can-2019-algerie-senegal-un-billet-aux-8es-en-bout-de-course\/"},"modified":"2019-06-27T07:27:06","modified_gmt":"2019-06-27T11:27:06","slug":"91165-can-2019-algerie-senegal-un-billet-aux-8es-en-bout-de-course","status":"publish","type":"post","link":"https:\/\/linitiative.ca\/International\/91165-can-2019-algerie-senegal-un-billet-aux-8es-en-bout-de-course\/","title":{"rendered":"CAN-2019 \/ Alg\u00e9rie-S\u00e9n\u00e9gal : un billet aux 8es en bout de course"},"content":{"rendered":"<div>\n<div class=\"K2FeedImage\"><img decoding=\"async\" src=\"http:\/\/www.aps.dz\/media\/k2\/items\/cache\/38a7e032096448d26c4062383febc69a_S.jpg\" alt=\"CAN-2019 \/ Alg\u00e9rie-S\u00e9n\u00e9gal : un billet aux 8es en bout de course\"><\/div>\n<div class=\"K2FeedIntroText\">\n<p><strong>ALGER &#8211; La s\u00e9lection alg\u00e9rienne de football affronte jeudi au stade 30-Juin du Caire (18h00 alg\u00e9riennes) son homologue s\u00e9n\u00e9galaise, dans le cadre de la 2e journ\u00e9e (Gr. C), pour tenter d&rsquo;obtenir sa qualification aux 1\/8 de finale de la Coupe d\u2019Afrique des nations CAN-2019.<\/strong><\/p>\n<\/div>\n<div class=\"K2FeedFullText\">\n<p>L&rsquo;\u00e9quipe nationale devra non seulement puiser dans ses ressources pour venir \u00e0 bout des \u00ab\u00a0Lions de la Teranga\u00a0\u00bb, mais aussi faire preuve de ma\u00eetrise pour assurer sa qualification au prochain tour d\u00e8s cette 2e journ\u00e9e.<\/p>\n<p>Ayant r\u00e9ussi son entr\u00e9e en lice dans la comp\u00e9tition en dominant avec autorit\u00e9 le Kenya (2-0), l\u2019Alg\u00e9rie passera un test r\u00e9v\u00e9lateur face \u00e0 l\u2019un des favoris du tournoi et vainqueur sur le m\u00eame score devant la Tanzanie.<\/p>\n<p>Le coach national, Djamel Belmadi, veut cependant \u00e9loigner la pression de ses joueurs: \u00ab\u00a0Ce match contre le S\u00e9n\u00e9gal est attendu par tout le monde, ce sera une confrontation entre deux \u00e9quipes avec un gros potentiel qui ont bien d\u00e9marr\u00e9 le tournoi. Il y aura des joueurs des deux c\u00f4t\u00e9s connus sur le plan international. C\u2019est un match important mais pas d\u00e9cisif\u00a0\u00bb.<\/p>\n<p>Conscients de l\u2019importance de ce rendez-vous, les co\u00e9quipiers du capitaine Riyad Mahrez sont anim\u00e9s d\u2019une grande envie pour s\u2019offrir le S\u00e9n\u00e9gal et confirmer par l\u2019occasion leur statut de \u00ab\u00a0b\u00eate noir\u00a0\u00bb.<\/p>\n<hr>\n<p><em><strong>Lire aussi:\u00a0<\/strong><\/em><a href=\"http:\/\/www.aps.dz\/sport\/91128-can-2019-algerie-senegal-un-rendez-vous-important-mais-pas-decisif-belmadi\">CAN 2019 \/ Alg\u00e9rie &#8211; S\u00e9n\u00e9gal : Un rendez-vous important mais pas d\u00e9cisif<\/a><\/p>\n<hr>\n<p>Sur le plan des statistiques en effet, l\u2019Alg\u00e9rie abordera cette affiche avec un ascendant psychologique important pour n\u2019avoir jamais perdu face au S\u00e9n\u00e9gal en phase finale de la CAN. Et les deux derniers matchs disput\u00e9s \u00e0 la CAN-2015 et 2017 s&rsquo;\u00e9taient sold\u00e9s respectivement par une victoire (2-0) et un nul (2-2).<\/p>\n<p>La s\u00e9lection nationale, d\u00e9j\u00e0 mise sur orbite dans ce rendez-vous \u00e9gyptien, doit imp\u00e9rativement finir le travail face au S\u00e9n\u00e9gal et \u00e9viter d\u2019attendre la 3e et derni\u00e8re journ\u00e9e de la phase de poules, quand elle affrontera la Tanzanie le 1er juillet au stade Al-Salam du Caire.<\/p>\n<p>Sur le plan de l&rsquo;effectif, Belmadi devrait reconduire le m\u00eame onze align\u00e9 face au Kenya, sauf changement de derni\u00e8re minute, alors que le S\u00e9n\u00e9gal sera priv\u00e9 des services de son d\u00e9fenseur central Salif San\u00e9, bless\u00e9 \u00e0 la cheville. La premi\u00e8re nation africaine au dernier classement Fifa (22e) va b\u00e9n\u00e9ficier cependant du retour de son attaquant-vedette Sadio Man\u00e9, vainqueur de la Ligue des champions avec Liverpool.<\/p>\n<p>Cette rencontre sera dirig\u00e9e par le controvers\u00e9 arbitre zambien Janny Sikazwe, suspendu pour \u00ab\u00a0mauvaise performance\u00a0\u00bb avant d\u2019\u00eatre blanchi par la Conf\u00e9d\u00e9ration africaine (CAF). Le referee zambien (40 ans) sera assist\u00e9 du Soudanais Waleed Ahmed Ali et de l\u2019Erythr\u00e9en Tesfagioghis Berhe.<\/p>\n<\/div>\n<p><img loading=\"lazy\" decoding=\"async\" src=\"http:\/\/feeds.feedburner.com\/~r\/aps-sport\/~4\/bzIvK1NtNFE\" height=\"1\" width=\"1\" alt=\"\"><\/div>\n<p>Auteur:<br \/>\n<a href=\"http:\/\/www.aps.dz\/sport\/91165-can-2019-algerie-senegal-un-billet-aux-8es-en-bout-de-course?utm_source=feedburner&#038;utm_medium=feed&#038;utm_campaign=Feed%3A+aps-sport+%28APS+-+SPORT%29\">Cliquez ici pour lire l&rsquo;article depuis sa source.<\/a><\/p>\n","protected":false},"excerpt":{"rendered":"<p>ALGER &#8211; La s\u00e9lection alg\u00e9rienne de football affronte jeudi au stade 30-Juin du Caire (18h00 alg\u00e9riennes) son homologue s\u00e9n\u00e9galaise, dans le cadre de la 2e journ\u00e9e (Gr. C), pour tenter d&rsquo;obtenir sa qualification aux 1\/8 de finale de la Coupe d\u2019Afrique des nations CAN-2019. L&rsquo;\u00e9quipe nationale devra non seulement puiser dans ses ressources pour venir [&hellip;]<\/p>\n","protected":false},"author":1790,"featured_media":42988,"comment_status":"closed","ping_status":"closed","sticky":false,"template":"","format":"standard","meta":{"fifu_image_url":"","fifu_image_alt":"","footnotes":""},"categories":[53,75],"tags":[],"class_list":["post-42987","post","type-post","status-publish","format-standard","has-post-thumbnail","hentry","category-algerie","category-sport"],"_links":{"self":[{"href":"https:\/\/linitiative.ca\/International\/wp-json\/wp\/v2\/posts\/42987","targetHints":{"allow":["GET"]}}],"collection":[{"href":"https:\/\/linitiative.ca\/International\/wp-json\/wp\/v2\/posts"}],"about":[{"href":"https:\/\/linitiative.ca\/International\/wp-json\/wp\/v2\/types\/post"}],"author":[{"embeddable":true,"href":"https:\/\/linitiative.ca\/International\/wp-json\/wp\/v2\/users\/1790"}],"replies":[{"embeddable":true,"href":"https:\/\/linitiative.ca\/International\/wp-json\/wp\/v2\/comments?post=42987"}],"version-history":[{"count":0,"href":"https:\/\/linitiative.ca\/International\/wp-json\/wp\/v2\/posts\/42987\/revisions"}],"wp:featuredmedia":[{"embeddable":true,"href":"https:\/\/linitiative.ca\/International\/wp-json\/"}],"wp:attachment":[{"href":"https:\/\/linitiative.ca\/International\/wp-json\/wp\/v2\/media?parent=42987"}],"wp:term":[{"taxonomy":"category","embeddable":true,"href":"https:\/\/linitiative.ca\/International\/wp-json\/wp\/v2\/categories?post=42987"},{"taxonomy":"post_tag","embeddable":true,"href":"https:\/\/linitiative.ca\/International\/wp-json\/wp\/v2\/tags?post=42987"}],"curies":[{"name":"wp","href":"https:\/\/api.w.org\/{rel}","templated":true}]}}