{"id":42991,"date":"2019-06-27T10:50:07","date_gmt":"2019-06-27T14:50:07","guid":{"rendered":"https:\/\/linitiative.ca\/International\/91181-jm-2021-l-algerie-reitere-son-engagement-pour-le-deroulement-a-oran-de-la-19e-edition\/"},"modified":"2019-06-27T10:50:07","modified_gmt":"2019-06-27T14:50:07","slug":"91181-jm-2021-l-algerie-reitere-son-engagement-pour-le-deroulement-a-oran-de-la-19e-edition","status":"publish","type":"post","link":"https:\/\/linitiative.ca\/International\/91181-jm-2021-l-algerie-reitere-son-engagement-pour-le-deroulement-a-oran-de-la-19e-edition\/","title":{"rendered":"JM-2021 : l&rsquo;Alg\u00e9rie r\u00e9it\u00e8re son engagement pour le d\u00e9roulement \u00e0 Oran de la 19e \u00e9dition"},"content":{"rendered":"<div>\n<div class=\"K2FeedImage\"><img decoding=\"async\" src=\"http:\/\/www.aps.dz\/media\/k2\/items\/cache\/3581cea72ef4c537c27ff9c5af1e8cad_S.jpg\" alt=\"JM-2021 : l'Alg\u00e9rie r\u00e9it\u00e8re son engagement pour le d\u00e9roulement \u00e0 Oran de la 19e \u00e9dition\"><\/div>\n<div class=\"K2FeedIntroText\">\n<p><strong>ORAN &#8211; L\u2019Alg\u00e9rie r\u00e9it\u00e8re son engagement d\u2019abriter en 2021 et dans les \u00ab\u00a0meilleures conditions\u00a0\u00bb la 19e \u00e9dition des Jeux M\u00e9diterran\u00e9ens \u00e0 Oran, a assur\u00e9, jeudi, le ministre de l\u2019Habitat, de l\u2019Urbanisme et de la Ville, Kamal Beldjoud.<\/strong><\/p>\n<\/div>\n<div class=\"K2FeedFullText\">\n<p>\u00ab\u00a0Il n y aura aucun souci \u00e0 se faire concernant le d\u00e9roulement \u00e0 Oran de la prochaine \u00e9dition des JM, contrairement \u00e0 ce que veulent faire croire certains. Il s\u2019agit d\u2019un engagement de l\u2019Etat alg\u00e9rien qui va, comme \u00e0 son habitude, l\u2019honorer\u00a0\u00bb, a d\u00e9clar\u00e9 le ministre \u00e0 la presse, en marge de sa visite aux chantiers du complexe olympique et village m\u00e9diterran\u00e9en dans la commune de Bir El Djir (Est d\u2019Oran).<\/p>\n<p>M. Beldjoud faisait pour l\u2019occasion sa premi\u00e8re visite sur les sites depuis sa d\u00e9signation \u00e0 la t\u00eate de la commission interminist\u00e9rielle technique, mise en place par le Premier ministre, Noureddine Bedoui, au cours du conseil interminist\u00e9rielle qu\u2019il avait pr\u00e9sid\u00e9e le 18 juin pass\u00e9 et consacr\u00e9e justement au dossier des JM, que le pays va organiser pour la deuxi\u00e8me fois de son histoire.<\/p>\n<p>\u00ab\u00a0D\u00e9sormais, je viendrai ici \u00e0 Oran une fois par mois pour suivre de pr\u00e8s l\u2019\u00e9volution des pr\u00e9paratifs des JM, notamment concernant les grands ouvrages \u00e0 savoir le complexe sportif et le village m\u00e9diterran\u00e9en. Toutes les mesures seront prises pour que ces importantes infrastructures soient livr\u00e9es dans leur totalit\u00e9 avant le 30 juin 2020\u00a0\u00bb, a encore rassur\u00e9 le ministre.<\/p>\n<p>Il a \u00e9galement pr\u00e9cis\u00e9 que la mission principale de sa commission ainsi que toutes les autres cr\u00e9\u00e9es lors du conseil interminist\u00e9riel \u00ab\u00a0\u00e9tait d\u2019accompagner les autorit\u00e9s de la wilaya d\u2019Oran dans la pr\u00e9paration des conditions id\u00e9ales pour la r\u00e9ussite de l\u2019\u00e9v\u00e8nement\u00a0\u00bb.\u00a0\u00a0\u00a0\u00a0\u00a0\u00a0\u00a0\u00a0\u00a0\u00a0<\/p>\n<p>Se d\u00e9clarant \u00ab\u00a0satisfait\u00a0\u00bb du taux d\u2019avancement des travaux du complexe sportif (80%) compos\u00e9, entre autres, d\u2019un stade de football de 40.000 places, d\u2019un stade d\u2019athl\u00e9tisme de 4.200 places, d\u2019un centre nautique et d\u2019une salle omnisports de 7.200 places, ainsi qu\u2019au niveau du village m\u00e9diterran\u00e9en de pr\u00e8s de 5.000 lits (78%), le m\u00eame responsable a reconnu, n\u00e9anmoins, l\u2019existence de \u00ab\u00a0contraintes financi\u00e8res\u00a0\u00bb ayant caus\u00e9 justement un sensible retard dans la livraison des deux projets dans les d\u00e9lais fix\u00e9s initialement.\u00a0\u00a0\u00a0\u00a0\u00a0<\/p>\n<p>Le sujet a \u00e9t\u00e9 d\u2019ailleurs abord\u00e9 au cours de la r\u00e9union, tenue \u00e0 l\u2019issue de la visite d\u2019inspection \u00e0 la r\u00e9sidence El Bahia, en pr\u00e9sence des cadres des diff\u00e9rents secteurs concern\u00e9s par la pr\u00e9paration des JM, ainsi que les deux soci\u00e9t\u00e9s chinoises r\u00e9alisatrices des deux projets et des bureaux d\u2019\u00e9tudes charg\u00e9s du suivi.<\/p>\n<p>\u00a0\u00a0\u00a0\u00a0\u00a0\u00a0\u00a0\u00a0\u00a0\u00a0\u00a0<\/p>\n<p style=\"text-align: center;\"><span style=\"font-size: 14pt;\"><strong>Juin 2020 pour r\u00e9ceptionner le complexe olympique et le village m\u00e9diterran\u00e9en<\/strong><\/span><\/p>\n<p>\u00a0<\/p>\n<p>Dans toutes leurs interventions, les repr\u00e9sentants de ces instances ont mis l\u2019accent sur les obstacles financiers qui se dressent sur le chemin des nombreux chantiers lanc\u00e9s et inscrits dans le cadre des pr\u00e9paratifs des JM.<\/p>\n<p>Pour sa part, le wali d\u2019Oran, Mouloud Cherifi, a estim\u00e9 que l\u2019heure est \u00e0 \u00ab\u00a0prendre des mesures urgentes dans ce registre, vu que les JM approchent \u00e0 grands pas\u00a0\u00bb.<\/p>\n<p>Une pr\u00e9occupation partag\u00e9e, du reste, par le ministre de l\u2019Habitat, qui a affirm\u00e9 que les derni\u00e8res mesures d\u00e9cid\u00e9es par le Premier ministre, au cours de la r\u00e9union interminist\u00e9rielle du 18 juin dernier, devront r\u00e9gler beaucoup de probl\u00e8mes et permettre aux pr\u00e9paratifs des JM de passer \u00e0 la \u00ab\u00a0vitesse sup\u00e9rieure\u00a0\u00bb, s\u2019est-il r\u00e9joui.<\/p>\n<p>A l\u2019adresse des repr\u00e9sentants de la soci\u00e9t\u00e9 chinoise (MCC) charg\u00e9e de la r\u00e9alisation du complexe olympique, et qui r\u00e9clame une r\u00e9\u00e9valuation du co\u00fbt du projet ainsi que l\u2019int\u00e9gration de nouveaux avenants ayant trait \u00e0 des travaux suppl\u00e9mentaires, M. Beldjoud a invit\u00e9 ses responsables \u00e0 pr\u00e9parer les dossiers y aff\u00e9rents pour les \u00e9tudier au cours d\u2019une r\u00e9union qui sera programm\u00e9e dans une dizaine de jours au niveau de son d\u00e9partement.<\/p>\n<p>Il a, en revanche, refus\u00e9 que la poursuite des travaux dans les chantiers dudit complexe soit subordonn\u00e9e au r\u00e8glement des dol\u00e9ances financi\u00e8res formul\u00e9es par la soci\u00e9t\u00e9 en question, \u00e0 laquelle il a exig\u00e9 aussi de renforcer ses \u00e9quipes, tout en augmentant la cadence des travaux, quittes \u00e0 ce que le chantier soit ouvert 24 heures sur 24. \u00ab\u00a0Vous n\u2019avez plus le droit \u00e0 l\u2019erreur\u00a0\u00bb, a-t-il lanc\u00e9 en direction des repr\u00e9sentants de la soci\u00e9t\u00e9 chinoise, pr\u00e9sents \u00e0 la r\u00e9union.<\/p>\n<\/div>\n<p><img loading=\"lazy\" decoding=\"async\" src=\"http:\/\/feeds.feedburner.com\/~r\/aps-sport\/~4\/bFnihtqODSo\" height=\"1\" width=\"1\" alt=\"\"><\/div>\n<p>Auteur:<br \/>\n<a href=\"http:\/\/www.aps.dz\/sport\/91181-jm-2021-l-algerie-reitere-son-engagement-pour-le-deroulement-a-oran-de-la-19e-edition?utm_source=feedburner&#038;utm_medium=feed&#038;utm_campaign=Feed%3A+aps-sport+%28APS+-+SPORT%29\">Cliquez ici pour lire l&rsquo;article depuis sa source.<\/a><\/p>\n","protected":false},"excerpt":{"rendered":"<p>ORAN &#8211; L\u2019Alg\u00e9rie r\u00e9it\u00e8re son engagement d\u2019abriter en 2021 et dans les \u00ab\u00a0meilleures conditions\u00a0\u00bb la 19e \u00e9dition des Jeux M\u00e9diterran\u00e9ens \u00e0 Oran, a assur\u00e9, jeudi, le ministre de l\u2019Habitat, de l\u2019Urbanisme et de la Ville, Kamal Beldjoud. \u00ab\u00a0Il n y aura aucun souci \u00e0 se faire concernant le d\u00e9roulement \u00e0 Oran de la prochaine \u00e9dition [&hellip;]<\/p>\n","protected":false},"author":1790,"featured_media":42992,"comment_status":"closed","ping_status":"closed","sticky":false,"template":"","format":"standard","meta":{"fifu_image_url":"","fifu_image_alt":"","footnotes":""},"categories":[53,75],"tags":[],"class_list":["post-42991","post","type-post","status-publish","format-standard","has-post-thumbnail","hentry","category-algerie","category-sport"],"_links":{"self":[{"href":"https:\/\/linitiative.ca\/International\/wp-json\/wp\/v2\/posts\/42991","targetHints":{"allow":["GET"]}}],"collection":[{"href":"https:\/\/linitiative.ca\/International\/wp-json\/wp\/v2\/posts"}],"about":[{"href":"https:\/\/linitiative.ca\/International\/wp-json\/wp\/v2\/types\/post"}],"author":[{"embeddable":true,"href":"https:\/\/linitiative.ca\/International\/wp-json\/wp\/v2\/users\/1790"}],"replies":[{"embeddable":true,"href":"https:\/\/linitiative.ca\/International\/wp-json\/wp\/v2\/comments?post=42991"}],"version-history":[{"count":0,"href":"https:\/\/linitiative.ca\/International\/wp-json\/wp\/v2\/posts\/42991\/revisions"}],"wp:featuredmedia":[{"embeddable":true,"href":"https:\/\/linitiative.ca\/International\/wp-json\/"}],"wp:attachment":[{"href":"https:\/\/linitiative.ca\/International\/wp-json\/wp\/v2\/media?parent=42991"}],"wp:term":[{"taxonomy":"category","embeddable":true,"href":"https:\/\/linitiative.ca\/International\/wp-json\/wp\/v2\/categories?post=42991"},{"taxonomy":"post_tag","embeddable":true,"href":"https:\/\/linitiative.ca\/International\/wp-json\/wp\/v2\/tags?post=42991"}],"curies":[{"name":"wp","href":"https:\/\/api.w.org\/{rel}","templated":true}]}}