{"id":43004,"date":"2019-06-27T05:30:50","date_gmt":"2019-06-27T09:30:50","guid":{"rendered":"https:\/\/linitiative.ca\/International\/les-forces-politiques-plaident-pour-une-transition-le-pacte-des-democrates\/"},"modified":"2019-06-27T05:30:50","modified_gmt":"2019-06-27T09:30:50","slug":"les-forces-politiques-plaident-pour-une-transition-le-pacte-des-democrates","status":"publish","type":"post","link":"https:\/\/linitiative.ca\/International\/les-forces-politiques-plaident-pour-une-transition-le-pacte-des-democrates\/","title":{"rendered":"Les forces politiques plaident pour une transition : Le pacte des d\u00e9mocrates"},"content":{"rendered":"<h4 class=\"title-14\"\/>\n<div class=\"featured_image\"><img width=\"691\" height=\"222\" data-cfsrc=\"https:\/\/www.elwatan.com\/wp-content\/uploads\/2019\/06\/Sans-titre-1-105.gif\" class=\"attachment-post-thumbnail size-post-thumbnail wp-post-image c1\" alt=\"\"\/><noscript><\/p>\n<p><img loading=\"lazy\" decoding=\"async\" width=\"691\" height=\"222\" src=\"https:\/\/www.elwatan.com\/wp-content\/uploads\/2019\/06\/Sans-titre-1-105.gif\" class=\"attachment-post-thumbnail size-post-thumbnail wp-post-image\" alt=\"\"\/><\/p>\n<p><\/noscript> <span class=\"featured-image-caption\">(Photos : Sami K)<\/span><\/div>\n<p>Ils ont transcend\u00e9 leurs diff\u00e9rends pour s\u2019asseoir autour d\u2019une m\u00eame table et tenter de trouver une solution \u00e0 la crise que traverse le pays. Les forces progressistes se sont donn\u00e9 rendez-vous hier, au si\u00e8ge du Rassemblement pour la culture et la d\u00e9mocratie (RCD).<\/p>\n<p>Des partis politiques, plusieurs organisations syndicales et repr\u00e9sentants de la soci\u00e9t\u00e9 civile, ainsi que de nombreuses personnalit\u00e9s nationales et animateurs politiques ont pris part \u00e0 cette rencontre de concertation et de dialogue initi\u00e9e par des entit\u00e9s politiques exclusivement de la mouvance d\u00e9mocratique.<\/p>\n<p>Tous ont dress\u00e9 le m\u00eame constat\u00a0: l\u2019Alg\u00e9rie vit une crise exceptionnelle et in\u00e9dite d\u2019o\u00f9, selon eux, l\u2019urgence d\u2019aller vers des actions communes. Ils ont plaid\u00e9 pour une transition d\u00e9mocratique et l\u2019instauration d\u2019un dialogue \u00abs\u00e9rieux\u00bb.<\/p>\n<p>Les leaders des partis qui se sont relay\u00e9s \u00e0 la tribune, notamment du RCD, FFS, PST, PT, PLD, UCP, MDS, et d\u2019autres entit\u00e9s politiques, ont relev\u00e9 la n\u00e9cessit\u00e9 de s\u2019entendre sur les m\u00e9canismes de cette transition d\u00e9mocratique pour la mise en place d\u2019une nouvelle gouvernance. Il y a, selon eux, une prise de conscience chez les partis car l\u2019enjeu est \u00e9norme\u00a0: il s\u2019agit de l\u2019avenir du pays.<\/p>\n<p>Les travaux de cette rencontre ont \u00e9t\u00e9 sanctionn\u00e9s par une r\u00e9solution politique intitul\u00e9e Pacte politique pour une v\u00e9ritable transition d\u00e9mocratique, et dans laquelle les r\u00e9dacteurs ont d\u00e9nonc\u00e9 \u00ables man\u0153uvres du pouvoir dans l\u2019unique espoir de mettre en \u00e9chec la d\u00e9ferlante citoyenne et emp\u00eacher toute alternative politique cr\u00e9dible pour un changement d\u00e9mocratique radical\u00bb. Aujourd\u2019hui, d\u2019apr\u00e8s eux, le pouvoir r\u00e9el est assum\u00e9 et exerc\u00e9 enti\u00e8rement par l\u2019\u00e9tat-major de l\u2019arm\u00e9e et l\u2019interdiction de l\u2019embl\u00e8me amazigh dans les manifestations publiques et la judiciarisation de l\u2019action politique en sont les preuves suppl\u00e9mentaires.<\/p>\n<p>A l\u2019unisson, les participants ont condamn\u00e9 et mis en garde contre de telles d\u00e9rives qui visent \u00e0 semer la division, la peur et la confusion. Pour eux, aucune n\u00e9gociation et aucune transition d\u00e9mocratique ne sont possibles sans la lib\u00e9ration imm\u00e9diate de tous les d\u00e9tenus politiques et d\u2019opinion, la lib\u00e9ration du champ politique et m\u00e9diatique et l\u2019arr\u00eat imm\u00e9diat des harc\u00e8lements judiciaires et menaces contre les citoyens, allant des militants des partis politiques, syndicalistes, journalistes\u2026<\/p>\n<p><strong>\u00abDes d\u00e9rives qui visent \u00e0 semer la division\u00bb<\/strong><\/p>\n<p>Ces entraves et d\u00e9passements ont \u00e9t\u00e9 soulign\u00e9s par les intervenants dans leur discours.<br \/>Mohcine Belabbas, premier responsable du RCD, est persuad\u00e9 que c\u2019est toujours \u00abl\u2019Etat profond\u00bb qui tient les r\u00eanes du pays. L\u2019Alg\u00e9rie et ses institutions continuent, selon lui, \u00e0 \u00eatre dirig\u00e9es par des \u00abcoups de t\u00e9l\u00e9phone\u00bb. \u00abEst-il possible d\u2019organiser des \u00e9lections avec une administration aux ordres, un gouvernement rejet\u00e9 par la rue, une justice non ind\u00e9pendante et un code \u00e9lectoral qui favorise la fraude\u00a0?\u00bb s\u2019est interrog\u00e9 Belabbas. Pour lui, les acteurs progressistes doivent f\u00e9d\u00e9rer leurs rangs et contribuer collectivement pour l\u2019amorce d\u2019un dialogue s\u00e9rieux avec une p\u00e9riode de transition pour un changement r\u00e9el.<\/p>\n<p>De son c\u00f4t\u00e9, Ali Laskri, membre de l\u2019instance pr\u00e9sidentielle du FFS, a insist\u00e9 sur la n\u00e9cessit\u00e9 de \u00abpoursuivre la lutte d\u00e9mocratique pacifique pour engager le pays dans un v\u00e9ritable processus de transition\u00bb.<\/p>\n<p>Le repr\u00e9sentant du PT, Djeloul Djoudi, a \u00e9voqu\u00e9 \u00abl\u2019urgence de mettre en place une Assembl\u00e9e nationale souveraine, charg\u00e9e d\u2019\u00e9laborer une nouvelle Constitution \u00e0 m\u00eame de prendre en charge les pr\u00e9occupations des citoyens et l\u2019instauration d\u2019un Etat de droit consacrant toutes les libert\u00e9s\u00bb.<\/p>\n<p>Le peuple, explique-t-il, veut exercer sa souverainet\u00e9, mais il n\u2019y arrive pas face au r\u00e9gime qui dresse des obstacles. Il a appel\u00e9, dans ce cadre, \u00e0 \u00abla lib\u00e9ration de tous les d\u00e9tenus d\u2019opinion, notamment la premi\u00e8re responsable du PT, Louisa Hanoune\u00bb.<\/p>\n<p>Zoubida Assoul, premi\u00e8re responsable de l\u2019Union pour le changement et le progr\u00e8s (UCP), rappellera la faillite du pouvoir et de ses institutions. L\u2019oratrice dira qu\u2019elle demeure persuad\u00e9e qu\u2019il y a n\u00e9cessit\u00e9 d\u2019aller \u00abvers un dialogue regroupant l\u2019ensemble des acteurs de la sc\u00e8ne politique nationale, \u00e0 travers des assises permettant de d\u00e9gager une feuille de route commune de sortie de crise\u00bb.<\/p>\n<p>Pour atteindre cet objectif, Mme Assoul a plaid\u00e9 pour des \u00abgaranties d\u2019apaisement\u00bb de la part du pouvoir.<\/p>\n<p>Le porte-parole du PST, Mahmoud Rachedi, a appel\u00e9, quant \u00e0 lui, \u00e0 un dialogue national devant d\u00e9boucher sur \u00abl\u2019\u00e9lection d\u2019une Assembl\u00e9e constituante souveraine, refl\u00e9tant les aspirations populaires au changement, \u00e0 la justice sociale et \u00e0 l\u2019\u00e9quit\u00e9\u00bb.<\/p>\n<p>Quant au coordinateur du MDS Fethi Gharas, il a affirm\u00e9 que les partis, les associations et les personnalit\u00e9s nationales \u00abont une responsabilit\u00e9 historique dans cette phase d\u00e9terminante pour l\u2019avenir du pays\u00bb.<\/p>\n<p>Intervenant au nom de la Ligue alg\u00e9rienne de d\u00e9fense des droits de l\u2019homme (LADDH), Me Noureddine Benissad a relev\u00e9 que le pays vivait \u00abune situation in\u00e9dite, obligeant ainsi les partis, les associations, les organisations syndicales et les personnalit\u00e9s nationales \u00e0 faire un grand travail de sensibilisation politique et de p\u00e9dagogie pour parvenir justement \u00e0 un Etat de droit consacrant toutes les libert\u00e9s\u00bb.<\/p>\n<p>D\u2019autres personnalit\u00e9s nationales et syndicalistes ont pris la parole pour exprimer leur opinion et formuler des propositions de sortie de crise. Le militant politique Djamel Zenati a affich\u00e9\u00a0ses inqui\u00e9tudes quant au danger qui guette le pays et d\u00e9c\u00e8le une volont\u00e9 d\u2019entra\u00eener le pays vers le chaos. \u00abLa solution de sortie de crise doit \u00e9maner des Alg\u00e9riens\u00bb, insiste-t-il, d\u00e9fendant l\u2019id\u00e9e d\u2019une \u00abtransition sans institution de transition\u00bb et pour aller vers une solution.<\/p>\n<p>Pour sa part, l\u2019homme de loi Mokrane A\u00eft Larbi note \u00e0 propos de l\u2019appel au dialogue lanc\u00e9 par le pouvoir que ce dernier ne veut dialoguer qu\u2019avec lui-m\u00eame. \u00abOn ne peut pas dialoguer avec un pouvoir qui interpelle des jeunes pour avoir brandi un \u00e9tendard amazigh, nous voulons un changement du syst\u00e8me pas de personnes, et une justice ind\u00e9pendante, pas une justice de la nuit\u00bb, s\u2019est-il exclam\u00e9.<\/p>\n<p><span class=\"post-views-label\">Post Views:<\/span> <span class=\"post-views-count\">3\u00a0264<\/span><\/p>\n<p>Auteur: Hicham Chouadria<br \/>\n<a href=\"https:\/\/www.elwatan.com\/a-la-une\/les-forces-politiques-plaident-pour-une-transition-le-pacte-des-democrates-2-27-06-2019\">Cliquez ici pour lire l&rsquo;article depuis sa source.<\/a><\/p>\n","protected":false},"excerpt":{"rendered":"<p>(Photos : Sami K) Ils ont transcend\u00e9 leurs diff\u00e9rends pour s\u2019asseoir autour d\u2019une m\u00eame table et tenter de trouver une solution \u00e0 la crise que traverse le pays. Les forces progressistes se sont donn\u00e9 rendez-vous hier, au si\u00e8ge du Rassemblement pour la culture et la d\u00e9mocratie (RCD). Des partis politiques, plusieurs organisations syndicales et repr\u00e9sentants [&hellip;]<\/p>\n","protected":false},"author":1743,"featured_media":43005,"comment_status":"closed","ping_status":"closed","sticky":false,"template":"","format":"standard","meta":{"fifu_image_url":"","fifu_image_alt":"","footnotes":""},"categories":[73,53],"tags":[],"class_list":["post-43004","post","type-post","status-publish","format-standard","has-post-thumbnail","hentry","category-actualite","category-algerie"],"_links":{"self":[{"href":"https:\/\/linitiative.ca\/International\/wp-json\/wp\/v2\/posts\/43004","targetHints":{"allow":["GET"]}}],"collection":[{"href":"https:\/\/linitiative.ca\/International\/wp-json\/wp\/v2\/posts"}],"about":[{"href":"https:\/\/linitiative.ca\/International\/wp-json\/wp\/v2\/types\/post"}],"author":[{"embeddable":true,"href":"https:\/\/linitiative.ca\/International\/wp-json\/wp\/v2\/users\/1743"}],"replies":[{"embeddable":true,"href":"https:\/\/linitiative.ca\/International\/wp-json\/wp\/v2\/comments?post=43004"}],"version-history":[{"count":0,"href":"https:\/\/linitiative.ca\/International\/wp-json\/wp\/v2\/posts\/43004\/revisions"}],"wp:featuredmedia":[{"embeddable":true,"href":"https:\/\/linitiative.ca\/International\/wp-json\/"}],"wp:attachment":[{"href":"https:\/\/linitiative.ca\/International\/wp-json\/wp\/v2\/media?parent=43004"}],"wp:term":[{"taxonomy":"category","embeddable":true,"href":"https:\/\/linitiative.ca\/International\/wp-json\/wp\/v2\/categories?post=43004"},{"taxonomy":"post_tag","embeddable":true,"href":"https:\/\/linitiative.ca\/International\/wp-json\/wp\/v2\/tags?post=43004"}],"curies":[{"name":"wp","href":"https:\/\/api.w.org\/{rel}","templated":true}]}}