{"id":43011,"date":"2019-06-27T15:21:16","date_gmt":"2019-06-27T19:21:16","guid":{"rendered":"https:\/\/linitiative.ca\/International\/trois-ouvriers-perissent-sous-les-deblais-a-telmouni-sidi-bel-abbes\/"},"modified":"2019-06-27T15:21:16","modified_gmt":"2019-06-27T19:21:16","slug":"trois-ouvriers-perissent-sous-les-deblais-a-telmouni-sidi-bel-abbes","status":"publish","type":"post","link":"https:\/\/linitiative.ca\/International\/trois-ouvriers-perissent-sous-les-deblais-a-telmouni-sidi-bel-abbes\/","title":{"rendered":"Trois ouvriers p\u00e9rissent sous les d\u00e9blais \u00e0 Telmouni ( Sidi Bel Abb\u00e8s)"},"content":{"rendered":"<h4 class=\"title-14\"\/>\n<div class=\"featured_image\"><img width=\"552\" height=\"368\" data-cfsrc=\"https:\/\/www.elwatan.com\/wp-content\/uploads\/2019\/06\/FB_IMG_1561662894184.jpg\" class=\"attachment-post-thumbnail size-post-thumbnail wp-post-image c1\" alt=\"\" srcset=\"https:\/\/www.elwatan.com\/wp-content\/uploads\/2019\/06\/FB_IMG_1561662894184.jpg 552w, https:\/\/www.elwatan.com\/wp-content\/uploads\/2019\/06\/FB_IMG_1561662894184-300x200.jpg 300w\" sizes=\"(max-width: 552px) 100vw, 552px\"\/><noscript><\/p>\n<p><img loading=\"lazy\" decoding=\"async\" width=\"552\" height=\"368\" src=\"https:\/\/www.elwatan.com\/wp-content\/uploads\/2019\/06\/FB_IMG_1561662894184.jpg\" class=\"attachment-post-thumbnail size-post-thumbnail wp-post-image\" alt=\"\" srcset=\"https:\/\/www.elwatan.com\/wp-content\/uploads\/2019\/06\/FB_IMG_1561662894184.jpg 552w, https:\/\/www.elwatan.com\/wp-content\/uploads\/2019\/06\/FB_IMG_1561662894184-300x200.jpg 300w\" sizes=\"auto, (max-width: 552px) 100vw, 552px\"\/><\/p>\n<p><\/noscript><\/div>\n<p>Trois ouvriers ont p\u00e9ri sous\u00a0 des d\u00e9blais, ce jeudi 27 juin, sur un<br \/>chantier de logements sociaux \u00e0 Telmouni, localit\u00e9 situ\u00e9e \u00e0 une<br \/>dizaine de kilom\u00e8tres \u00e0 l\u2019est de la ville de Sidi Bel Abb\u00e8s.Selon la protection civile, ce drame a \u00e9t\u00e9 provoqu\u00e9 par un<br \/>affaissement de terrain survenu en fin d\u2019apr\u00e8s-midi._\u00ab Les \u00e9quipes de secouristes sont intervenus \u00e0 une profondeur de 5<br \/>m\u00e8tres pour extraire les corps des victimes \u00bb, selon un communiqu\u00e9<br \/>de la protection civile.Le chantier des 2000 logements sociaux locatifs (LSL) conna\u00eet<br \/>d\u2019intenses travaux d\u2019am\u00e9nagement dans la perspective de la remise<br \/>des clefs, pr\u00e9vue d\u00e9but juillet, aux\u00a0 b\u00e9n\u00e9ficiaires de logements<br \/>issus de la ville de Sidi Bel Abb\u00e8s.<\/p>\n<p><span class=\"post-views-label\">Post Views:<\/span> <span class=\"post-views-count\">318<\/span><\/p>\n<p>Auteur: Farouk Djouadi<br \/>\n<a href=\"https:\/\/www.elwatan.com\/regions\/ouest\/bel-abes\/trois-ouvriers-perissent-sous-les-deblais-a-telmouni-sidi-bel-abbes-27-06-2019\">Cliquez ici pour lire l&rsquo;article depuis sa source.<\/a><\/p>\n","protected":false},"excerpt":{"rendered":"<p>Trois ouvriers ont p\u00e9ri sous\u00a0 des d\u00e9blais, ce jeudi 27 juin, sur unchantier de logements sociaux \u00e0 Telmouni, localit\u00e9 situ\u00e9e \u00e0 unedizaine de kilom\u00e8tres \u00e0 l\u2019est de la ville de Sidi Bel Abb\u00e8s.Selon la protection civile, ce drame a \u00e9t\u00e9 provoqu\u00e9 par unaffaissement de terrain survenu en fin d\u2019apr\u00e8s-midi._\u00ab Les \u00e9quipes de secouristes sont intervenus [&hellip;]<\/p>\n","protected":false},"author":1743,"featured_media":43012,"comment_status":"closed","ping_status":"closed","sticky":false,"template":"","format":"standard","meta":{"fifu_image_url":"","fifu_image_alt":"","footnotes":""},"categories":[73,53],"tags":[],"class_list":["post-43011","post","type-post","status-publish","format-standard","has-post-thumbnail","hentry","category-actualite","category-algerie"],"_links":{"self":[{"href":"https:\/\/linitiative.ca\/International\/wp-json\/wp\/v2\/posts\/43011","targetHints":{"allow":["GET"]}}],"collection":[{"href":"https:\/\/linitiative.ca\/International\/wp-json\/wp\/v2\/posts"}],"about":[{"href":"https:\/\/linitiative.ca\/International\/wp-json\/wp\/v2\/types\/post"}],"author":[{"embeddable":true,"href":"https:\/\/linitiative.ca\/International\/wp-json\/wp\/v2\/users\/1743"}],"replies":[{"embeddable":true,"href":"https:\/\/linitiative.ca\/International\/wp-json\/wp\/v2\/comments?post=43011"}],"version-history":[{"count":0,"href":"https:\/\/linitiative.ca\/International\/wp-json\/wp\/v2\/posts\/43011\/revisions"}],"wp:featuredmedia":[{"embeddable":true,"href":"https:\/\/linitiative.ca\/International\/wp-json\/"}],"wp:attachment":[{"href":"https:\/\/linitiative.ca\/International\/wp-json\/wp\/v2\/media?parent=43011"}],"wp:term":[{"taxonomy":"category","embeddable":true,"href":"https:\/\/linitiative.ca\/International\/wp-json\/wp\/v2\/categories?post=43011"},{"taxonomy":"post_tag","embeddable":true,"href":"https:\/\/linitiative.ca\/International\/wp-json\/wp\/v2\/tags?post=43011"}],"curies":[{"name":"wp","href":"https:\/\/api.w.org\/{rel}","templated":true}]}}