{"id":43014,"date":"2019-06-27T04:50:00","date_gmt":"2019-06-27T08:50:00","guid":{"rendered":"https:\/\/linitiative.ca\/International\/a-lapproche-du-75e-anniversaire-de-sa-charte-lonu-appelle-a-revenir-a-lesprit-de-san-francisco\/"},"modified":"2019-06-27T04:50:00","modified_gmt":"2019-06-27T08:50:00","slug":"a-lapproche-du-75e-anniversaire-de-sa-charte-lonu-appelle-a-revenir-a-lesprit-de-san-francisco","status":"publish","type":"post","link":"https:\/\/linitiative.ca\/International\/a-lapproche-du-75e-anniversaire-de-sa-charte-lonu-appelle-a-revenir-a-lesprit-de-san-francisco\/","title":{"rendered":"A L\u2019approche du 75e anniversaire de sa charte, l\u2019ONU appelle \u00e0 revenir \u00e0 l&rsquo;esprit de San Francisco"},"content":{"rendered":"<p>R\u00e9affirmer sa foi dans les droits de l\u2019homme, promouvoir la justice sociale et pr\u00e9server le monde du \u00ab fl\u00e9au de la guerre \u00bb sont l\u2019un des quelques principes fondateurs des Nations Unies \u00e9nonc\u00e9s dans la Charte de l\u2019Organisation, qui a \u00e9t\u00e9 sign\u00e9e il y a exactement 74 ans \u00e0 San Francisco.<\/p>\n<p>\u00c0 cette occasion, un \u00e9v\u00e9nement sp\u00e9cial a eu lieu dans la salle de l&rsquo;Assembl\u00e9e g\u00e9n\u00e9rale au si\u00e8ge des Nations Unies \u00e0 New York. Un \u00e9v\u00e8nement qui a \u00e9galement \u00e9t\u00e9 l&rsquo;occasion de lancer les activit\u00e9s comm\u00e9moratives du 75e anniversaire de l&rsquo;ONU, qui sera c\u00e9l\u00e9br\u00e9e l&rsquo;ann\u00e9e prochaine.<\/p>\n<p>Intervenant lors de cet \u00e9v\u00e9nement, la Pr\u00e9sidente de l&rsquo;Assembl\u00e9e g\u00e9n\u00e9rale des Nations Unies, Mar\u00eda Fernanda Espinosa, a rappel\u00e9 aux Etats membres que la Charte, sign\u00e9e en 1945, portait \u00ab les espoirs d&rsquo;un monde fatigu\u00e9 par la guerre \u00bb. Bien qu&rsquo;il soit facile de voir la Charte comme une \u00ab entreprise id\u00e9aliste d&rsquo;un autre temps \u00bb, a-t-elle d\u00e9clar\u00e9, ses fondateurs n&rsquo;\u00e9taient pas des r\u00eaveurs, mais des dirigeants forts qui \u00ab ont pes\u00e9 les inconv\u00e9nients d&rsquo;un compromis, les avantages de la coop\u00e9ration et le co\u00fbt \u00e9lev\u00e9 de la guerre \u00bb.<\/p>\n<p>Aujourd\u2019hui, a poursuivi Mme Espinosa, \u00ab nous pouvons faire appel \u00e0 l\u2019esprit de San Francisco \u00bb, ce qui \u00e9tait manifeste lors de la signature du Programme de d\u00e9veloppement durable \u00e0 l\u2019horizon 2030 en 2015 et quelques semaines plus tard, lors de la signature de l\u2019Accord de Paris historique sur la crise climatique mondiale. Cet esprit est n\u00e9cessaire maintenant \u00ab plus que jamais \u00bb, a-t-elle ajout\u00e9.<\/p>\n<p>Citant un tweet publi\u00e9 le jour m\u00eame par le Secr\u00e9taire g\u00e9n\u00e9ral de l&rsquo;ONU, Ant\u00f3nio Guterres, Fabrizio Hochschild Drummond, le Sous-secr\u00e9taire g\u00e9n\u00e9ral \u00e0 la coordination strat\u00e9gique a r\u00e9p\u00e9t\u00e9 que, 74 ans plus tard, la Charte \u00ab repr\u00e9sente toujours le meilleur moyen de garantir la paix, le d\u00e9veloppement et les droits de l&rsquo;homme dans le monde \u00bb.<\/p>\n<p>M. Hochschild, qui est charg\u00e9 d&rsquo;organiser la comm\u00e9moration du 75e anniversaire de l&rsquo;ONU en 2020, a d\u00e9clar\u00e9 que la raison pour laquelle il \u00e9tait encore n\u00e9cessaire de recourir \u00e0 Twitter pour invoquer la Charte \u00e9tait due \u00e0 la perte de m\u00e9moire collective des souffrances. Ces m\u00eames souffrances qui avaient convaincu les diplomates r\u00e9unis sur la c\u00f4te ouest des \u00c9tats-Unis en 1945 de croire en la coop\u00e9ration mondiale.<\/p>\n<p>Auteur:<br \/>\n<a href=\"https:\/\/www.leaders.com.tn\/article\/27389-l-approche-du-75e-anniversaire-de-sa-charte-l-onu-appelle-a-revenir-a-l-esprit-de-san-francisco\">Cliquez ici pour lire l&rsquo;article depuis sa source.<\/a><\/p>\n","protected":false},"excerpt":{"rendered":"<p>R\u00e9affirmer sa foi dans les droits de l\u2019homme, promouvoir la justice sociale et pr\u00e9server le monde du \u00ab fl\u00e9au de la guerre \u00bb sont l\u2019un des quelques principes fondateurs des Nations Unies \u00e9nonc\u00e9s dans la Charte de l\u2019Organisation, qui a \u00e9t\u00e9 sign\u00e9e il y a exactement 74 ans \u00e0 San Francisco. \u00c0 cette occasion, un [&hellip;]<\/p>\n","protected":false},"author":1772,"featured_media":0,"comment_status":"closed","ping_status":"closed","sticky":false,"template":"","format":"standard","meta":{"fifu_image_url":"","fifu_image_alt":"","footnotes":""},"categories":[73,55],"tags":[],"class_list":["post-43014","post","type-post","status-publish","format-standard","hentry","category-actualite","category-tunisie"],"_links":{"self":[{"href":"https:\/\/linitiative.ca\/International\/wp-json\/wp\/v2\/posts\/43014","targetHints":{"allow":["GET"]}}],"collection":[{"href":"https:\/\/linitiative.ca\/International\/wp-json\/wp\/v2\/posts"}],"about":[{"href":"https:\/\/linitiative.ca\/International\/wp-json\/wp\/v2\/types\/post"}],"author":[{"embeddable":true,"href":"https:\/\/linitiative.ca\/International\/wp-json\/wp\/v2\/users\/1772"}],"replies":[{"embeddable":true,"href":"https:\/\/linitiative.ca\/International\/wp-json\/wp\/v2\/comments?post=43014"}],"version-history":[{"count":0,"href":"https:\/\/linitiative.ca\/International\/wp-json\/wp\/v2\/posts\/43014\/revisions"}],"wp:attachment":[{"href":"https:\/\/linitiative.ca\/International\/wp-json\/wp\/v2\/media?parent=43014"}],"wp:term":[{"taxonomy":"category","embeddable":true,"href":"https:\/\/linitiative.ca\/International\/wp-json\/wp\/v2\/categories?post=43014"},{"taxonomy":"post_tag","embeddable":true,"href":"https:\/\/linitiative.ca\/International\/wp-json\/wp\/v2\/tags?post=43014"}],"curies":[{"name":"wp","href":"https:\/\/api.w.org\/{rel}","templated":true}]}}