{"id":43020,"date":"2019-06-27T16:12:00","date_gmt":"2019-06-27T20:12:00","guid":{"rendered":"https:\/\/linitiative.ca\/International\/coup-denvoi-ce-soir-a-la-cite-de-la-culture-du-festival-arabe-de-la-radio-et-de-la-television-de-lasbu\/"},"modified":"2019-06-27T16:12:00","modified_gmt":"2019-06-27T20:12:00","slug":"coup-denvoi-ce-soir-a-la-cite-de-la-culture-du-festival-arabe-de-la-radio-et-de-la-television-de-lasbu","status":"publish","type":"post","link":"https:\/\/linitiative.ca\/International\/coup-denvoi-ce-soir-a-la-cite-de-la-culture-du-festival-arabe-de-la-radio-et-de-la-television-de-lasbu\/","title":{"rendered":"Coup d&rsquo;envoi ce soir \u00e0 la cit\u00e9 de la culture du Festival arabe de la radio et de la t\u00e9l\u00e9vision de l&rsquo;ASBU"},"content":{"rendered":"<p class=\"MsoNormal\">Pour la deuxi\u00e8me fois cons\u00e9cutive, la cit\u00e9 de la Culture abrite \u00e0 partir de ce jeudi soir et jusqu\u2019au 30 juin, le festival arabe que l\u2019ASBU organise chaque ann\u00e9e en pr\u00e9sence d\u2019une pl\u00e9iade d\u2019artistes, d\u2019\u00e9crivains et de journalistes arabes. Cette manifestation comporte deux volets\u00a0: la comp\u00e9tition principale consacr\u00e9e aux<span class=\"c2\">\u00a0<\/span> programmes et \u00e0 l\u2019information ouverte aux radios et t\u00e9l\u00e9visions arabes membres de l\u2019ASBU et une comp\u00e9tition parall\u00e8le r\u00e9serv\u00e9e aux programmes et informations produits par les r\u00e9seaux de t\u00e9l\u00e9vision et de radio priv\u00e9s (non membre de l\u2019ASBU) et <span class=\"c2\">\u00a0<\/span>aux soci\u00e9t\u00e9s de production, aux agences de presse et aux stations de radios ainsi qu&rsquo;aux cha\u00eenes de t\u00e9l\u00e9vision satellitaires priv\u00e9es \u00e9trang\u00e8res d\u2019expression arabe.<\/p>\n<p class=\"MsoNormal\">Des jury <span class=\"c2\">\u00a0<\/span>constitu\u00e9s de personnalit\u00e9s comp\u00e9tentes, objectives et ind\u00e9pendantes auront \u00e0 \u00e9valuer les travaux en comp\u00e9tition.\u00a0 <span class=\"c2\"><br \/><\/span><\/p>\n<p class=\"MsoNormal\">\u00a0<\/p>\n<p>Auteur:<br \/>\n<a href=\"https:\/\/www.leaders.com.tn\/article\/27390-coup-d-envoi-ce-soir-du-festival-arabe-de-la-radio-et-de-la-television-de-l-asbu\">Cliquez ici pour lire l&rsquo;article depuis sa source.<\/a><\/p>\n","protected":false},"excerpt":{"rendered":"<p>Pour la deuxi\u00e8me fois cons\u00e9cutive, la cit\u00e9 de la Culture abrite \u00e0 partir de ce jeudi soir et jusqu\u2019au 30 juin, le festival arabe que l\u2019ASBU organise chaque ann\u00e9e en pr\u00e9sence d\u2019une pl\u00e9iade d\u2019artistes, d\u2019\u00e9crivains et de journalistes arabes. Cette manifestation comporte deux volets\u00a0: la comp\u00e9tition principale consacr\u00e9e aux\u00a0 programmes et \u00e0 l\u2019information ouverte aux [&hellip;]<\/p>\n","protected":false},"author":1772,"featured_media":0,"comment_status":"closed","ping_status":"closed","sticky":false,"template":"","format":"standard","meta":{"fifu_image_url":"","fifu_image_alt":"","footnotes":""},"categories":[73,55],"tags":[],"class_list":["post-43020","post","type-post","status-publish","format-standard","hentry","category-actualite","category-tunisie"],"_links":{"self":[{"href":"https:\/\/linitiative.ca\/International\/wp-json\/wp\/v2\/posts\/43020","targetHints":{"allow":["GET"]}}],"collection":[{"href":"https:\/\/linitiative.ca\/International\/wp-json\/wp\/v2\/posts"}],"about":[{"href":"https:\/\/linitiative.ca\/International\/wp-json\/wp\/v2\/types\/post"}],"author":[{"embeddable":true,"href":"https:\/\/linitiative.ca\/International\/wp-json\/wp\/v2\/users\/1772"}],"replies":[{"embeddable":true,"href":"https:\/\/linitiative.ca\/International\/wp-json\/wp\/v2\/comments?post=43020"}],"version-history":[{"count":0,"href":"https:\/\/linitiative.ca\/International\/wp-json\/wp\/v2\/posts\/43020\/revisions"}],"wp:attachment":[{"href":"https:\/\/linitiative.ca\/International\/wp-json\/wp\/v2\/media?parent=43020"}],"wp:term":[{"taxonomy":"category","embeddable":true,"href":"https:\/\/linitiative.ca\/International\/wp-json\/wp\/v2\/categories?post=43020"},{"taxonomy":"post_tag","embeddable":true,"href":"https:\/\/linitiative.ca\/International\/wp-json\/wp\/v2\/tags?post=43020"}],"curies":[{"name":"wp","href":"https:\/\/api.w.org\/{rel}","templated":true}]}}