{"id":43026,"date":"2019-06-27T06:00:00","date_gmt":"2019-06-27T10:00:00","guid":{"rendered":"https:\/\/linitiative.ca\/International\/les-partis-de-larmee\/"},"modified":"2019-06-27T06:00:00","modified_gmt":"2019-06-27T10:00:00","slug":"les-partis-de-larmee","status":"publish","type":"post","link":"https:\/\/linitiative.ca\/International\/les-partis-de-larmee\/","title":{"rendered":"Les partis de\u2026 l\u2019arm\u00e9e"},"content":{"rendered":"<p class=\"c3\">Le chef d\u2019\u00e9tat-major de l\u2019ANP \u00e9tait hier \u00e0 Cherchell pour \u00ab pr\u00e9sider une sortie de promotion \u00bb. Inutile de revenir sur (les) ordres du jour des sorties\u2026 chroniques de Ga\u00efd Salah. On l\u2019aura compris depuis un moment d\u00e9j\u00e0, chaque d\u00e9placement est une nouvelle opportunit\u00e9 &#8211; les mauvaises langues appelleront \u00e7a \u00ab pr\u00e9texte \u00bb &#8211; pour un nouveau discours. La derni\u00e8re \u00ab vir\u00e9e \u00bb n\u2019a pas d\u00e9rog\u00e9 \u00e0 la r\u00e8gle, ni dans la forme ni dans l\u2019essentiel du propos qui l\u2019a sanctionn\u00e9e : \u00ab L\u2019arm\u00e9e accompagnera le mouvement populaire .\u00bb Ga\u00efd Salah a certes ajout\u00e9 que l\u2019accompagnement se fera \u00ab avec tout ce que signifie ce terme \u00bb mais on ne va pas s\u2019appesantir sur ce qu\u2019on n\u2019a pas encore compris.\u00a0 Il a encore dit que l\u2019institution militaire \u00ab n\u2019a pas d\u2019ambition politique \u00bb mais \u00e7a, on le savait d\u00e9j\u00e0 : le vice-ministre de la D\u00e9fense n\u2019a jamais dit que l\u2019arm\u00e9e n\u2019a pas d\u2019ambition de\u2026 pouvoir. Et \u00e7a tombe bien pour les partis de\u2026 Bouteflika qui n\u2019ont plus qu\u2019une manette \u00e0 actionner pour que tout redevienne comme avant ! Il suffisait de voir avec quel allant et quelle arrogance le nouveau pr\u00e9pos\u00e9 au FLN s\u2019est r\u00e9cemment exprim\u00e9 pour tout saisir. Tous ceux qui ne s\u2019alignent pas sur la feuille de route des nouveaux d\u00e9cideurs, il les a tra\u00een\u00e9s dans la boue. Ils sont revanchards, ils servent des int\u00e9r\u00eats \u00e9trangers, ils ont des objectifs inavou\u00e9s\u2026 toute la batterie des ignominies des temps de glaciation y est pass\u00e9e, servie dans une langue de bois \u00e0 faire p\u00e2lir un b\u00fbcheron. Pendant que les Alg\u00e9riens passent en boucle ses vid\u00e9os o\u00f9 le propos dithyrambique \u00e0 l\u2019\u00e9gard de Bouteflika n\u2019a pas de rival, pendant que ses casseroles de pr\u00e9bendier, d\u00e9taill\u00e9es et document\u00e9es, sont sur la place publique, M. Djema\u00ef nous dit qui est le \u00ab bon hirakiste \u00bb comme\u2026 lui et qui met le pays en danger ! Pour ne pas s\u2019arr\u00eater en si bon chemin, c\u2019est \u00e0 peine s\u2019il ne nous dit pas que le FLN est derri\u00e8re le soul\u00e8vement populaire et \u00e0 ce titre, c\u2019est lui qui va politiquement incarner le changement ! Au m\u00eame moment, le RND, comme si de rien n\u2019\u00e9tait, se pr\u00e9pare \u00e0 organiser un conseil national \u00ab ordinaire \u00bb essentiellement destin\u00e9 \u00e0 trouver un successeur \u00e0 Ouyahia\u2026 en prison. Il n\u2019est donc question que de \u00e7a, finalement. L\u2019ancien Premier ministre \u00e0 El-Harrach, il suffit de s\u2019entendre sur quelqu\u2019un pour continuer le travail et le tour est jou\u00e9. Quelqu\u2019un qu\u2019on ne va, bien \u00e9videmment, pas chercher loin, il est \u00e0 port\u00e9e de main parmi les lieutenants d\u2019Ouyahia qui ont la chance et le temps, qu\u2019ils doivent essentiellement au fait qu\u2019ils soient\u2026 libres de d\u00e9clarer leur all\u00e9geance \u00e0 \u00ab l\u2019arm\u00e9e \u00bb. C\u2019est peut-\u00eatre cette confiance retrouv\u00e9e au sein des \u00ab partis de l\u2019Alliance \u00bb qui a donn\u00e9 des ailes \u00e0 Amar Ghoul au point de refuser obstin\u00e9ment de renoncer \u00e0 son immunit\u00e9 parlementaire. Et \u00e0 l\u2019\u00e9tat-major du MPA de tergiverser avant de l\u00e2cher Amara Benyoun\u00e8s. Ils sont tous en train de se refaire une sant\u00e9 et ils ne voient aucune raison de raser les murs, tant que l\u2019arm\u00e9e ne leur a pas signifi\u00e9 qu\u2019ils ne peuvent pas \u00eatre le probl\u00e8me et la solution. On n\u2019en est pas l\u00e0, manifestement.<br \/><em><strong>S. L .<\/strong><\/em><\/p>\n<p>Auteur:<br \/>\n<a href=\"https:\/\/www.lesoirdalgerie.com\/constances\/les-partis-de-larmee-26117\">Cliquez ici pour lire l&rsquo;article depuis sa source.<\/a><\/p>\n","protected":false},"excerpt":{"rendered":"<p>Le chef d\u2019\u00e9tat-major de l\u2019ANP \u00e9tait hier \u00e0 Cherchell pour \u00ab pr\u00e9sider une sortie de promotion \u00bb. Inutile de revenir sur (les) ordres du jour des sorties\u2026 chroniques de Ga\u00efd Salah. On l\u2019aura compris depuis un moment d\u00e9j\u00e0, chaque d\u00e9placement est une nouvelle opportunit\u00e9 &#8211; les mauvaises langues appelleront \u00e7a \u00ab pr\u00e9texte \u00bb &#8211; pour [&hellip;]<\/p>\n","protected":false},"author":1741,"featured_media":0,"comment_status":"closed","ping_status":"closed","sticky":false,"template":"","format":"standard","meta":{"fifu_image_url":"","fifu_image_alt":"","footnotes":""},"categories":[73,53],"tags":[],"class_list":["post-43026","post","type-post","status-publish","format-standard","hentry","category-actualite","category-algerie"],"_links":{"self":[{"href":"https:\/\/linitiative.ca\/International\/wp-json\/wp\/v2\/posts\/43026","targetHints":{"allow":["GET"]}}],"collection":[{"href":"https:\/\/linitiative.ca\/International\/wp-json\/wp\/v2\/posts"}],"about":[{"href":"https:\/\/linitiative.ca\/International\/wp-json\/wp\/v2\/types\/post"}],"author":[{"embeddable":true,"href":"https:\/\/linitiative.ca\/International\/wp-json\/wp\/v2\/users\/1741"}],"replies":[{"embeddable":true,"href":"https:\/\/linitiative.ca\/International\/wp-json\/wp\/v2\/comments?post=43026"}],"version-history":[{"count":0,"href":"https:\/\/linitiative.ca\/International\/wp-json\/wp\/v2\/posts\/43026\/revisions"}],"wp:attachment":[{"href":"https:\/\/linitiative.ca\/International\/wp-json\/wp\/v2\/media?parent=43026"}],"wp:term":[{"taxonomy":"category","embeddable":true,"href":"https:\/\/linitiative.ca\/International\/wp-json\/wp\/v2\/categories?post=43026"},{"taxonomy":"post_tag","embeddable":true,"href":"https:\/\/linitiative.ca\/International\/wp-json\/wp\/v2\/tags?post=43026"}],"curies":[{"name":"wp","href":"https:\/\/api.w.org\/{rel}","templated":true}]}}