{"id":43027,"date":"2019-06-27T06:00:00","date_gmt":"2019-06-27T10:00:00","guid":{"rendered":"https:\/\/linitiative.ca\/International\/lorchestre-symphonique-de-lopera-dalger-et-le-pianiste-russe-alexander-karpeyev-en-concert\/"},"modified":"2019-06-27T06:00:00","modified_gmt":"2019-06-27T10:00:00","slug":"lorchestre-symphonique-de-lopera-dalger-et-le-pianiste-russe-alexander-karpeyev-en-concert","status":"publish","type":"post","link":"https:\/\/linitiative.ca\/International\/lorchestre-symphonique-de-lopera-dalger-et-le-pianiste-russe-alexander-karpeyev-en-concert\/","title":{"rendered":"L\u2019Orchestre symphonique de l\u2019Op\u00e9ra d\u2019Alger et le pianiste russe Alexander Karpeyev en concert"},"content":{"rendered":"<p>\u00abLe Pianiste\u00bb, intitul\u00e9 d\u2019un concert de musique\u00a0 classique, a \u00e9t\u00e9 pr\u00e9sent\u00e9 lundi soir \u00e0 Alger par l\u2019Orchestre symphonique de l\u2019Op\u00e9ra d\u2019Alger dirig\u00e9 par le maestro Amine Kouider et le pianiste russe\u00a0 Alexander Karpeyev, devant un public relativement nombreux. Accueilli \u00e0 l\u2019Op\u00e9ra d\u2019Alger Boualem-Bessa\u00efh, le concert, dernier de la\u00a0 saison dans le volet musique classique et universelle, selon Amine Kouider, a rassembl\u00e9 trois grands compositeurs: Ludwig van Beethoven ainsi que Fr\u00e9d\u00e9ric Chopin et Robert\u00a0 Schumann, c\u00e9l\u00e8bres compositeurs qui ont marqu\u00e9 l\u2019\u00e9poque romantique du XIXe si\u00e8cle, au programme de\u00a0 l\u2019orchestre pour la premi\u00e8re fois.\u00a0 Epoustouflant de ma\u00eetrise technique et de virtuosit\u00e9, Alexander Karpeyev a interpr\u00e9t\u00e9 le Concerto no 2 pour Piano et Orchestre dans ses trois mouvements: Maestoso, Larghetto et Allegro vivace, rappelant ainsi le g\u00e9nie cr\u00e9atif du c\u00e9l\u00e8bre compositeur et pianiste polonais, Fr\u00e9d\u00e9ric Chopin (1810-1849).\u00a0<br \/>Le pianiste russe, dans ses \u0153uvres, empreintes de pr\u00e9cision dans le jeu\u00a0 d\u2019accompagnement, avec une main gauche extraordinaire et de dext\u00e9rit\u00e9 dans\u00a0 les envol\u00e9es phrastiques de la main droite, a donn\u00e9 plus de contenance et de maturit\u00e9 \u00e0 l\u2019Orchestre de l\u2019Op\u00e9ra d\u2019Alger.<\/p>\n<p>Auteur:<br \/>\n<a href=\"https:\/\/www.lesoirdalgerie.com\/culture\/lorchestre-symphonique-de-lopera-dalger-et-le-pianiste-russe-alexander-karpeyev-en-concert-26116\">Cliquez ici pour lire l&rsquo;article depuis sa source.<\/a><\/p>\n","protected":false},"excerpt":{"rendered":"<p>\u00abLe Pianiste\u00bb, intitul\u00e9 d\u2019un concert de musique\u00a0 classique, a \u00e9t\u00e9 pr\u00e9sent\u00e9 lundi soir \u00e0 Alger par l\u2019Orchestre symphonique de l\u2019Op\u00e9ra d\u2019Alger dirig\u00e9 par le maestro Amine Kouider et le pianiste russe\u00a0 Alexander Karpeyev, devant un public relativement nombreux. Accueilli \u00e0 l\u2019Op\u00e9ra d\u2019Alger Boualem-Bessa\u00efh, le concert, dernier de la\u00a0 saison dans le volet musique classique et [&hellip;]<\/p>\n","protected":false},"author":1741,"featured_media":0,"comment_status":"closed","ping_status":"closed","sticky":false,"template":"","format":"standard","meta":{"fifu_image_url":"","fifu_image_alt":"","footnotes":""},"categories":[73,53],"tags":[],"class_list":["post-43027","post","type-post","status-publish","format-standard","hentry","category-actualite","category-algerie"],"_links":{"self":[{"href":"https:\/\/linitiative.ca\/International\/wp-json\/wp\/v2\/posts\/43027","targetHints":{"allow":["GET"]}}],"collection":[{"href":"https:\/\/linitiative.ca\/International\/wp-json\/wp\/v2\/posts"}],"about":[{"href":"https:\/\/linitiative.ca\/International\/wp-json\/wp\/v2\/types\/post"}],"author":[{"embeddable":true,"href":"https:\/\/linitiative.ca\/International\/wp-json\/wp\/v2\/users\/1741"}],"replies":[{"embeddable":true,"href":"https:\/\/linitiative.ca\/International\/wp-json\/wp\/v2\/comments?post=43027"}],"version-history":[{"count":0,"href":"https:\/\/linitiative.ca\/International\/wp-json\/wp\/v2\/posts\/43027\/revisions"}],"wp:attachment":[{"href":"https:\/\/linitiative.ca\/International\/wp-json\/wp\/v2\/media?parent=43027"}],"wp:term":[{"taxonomy":"category","embeddable":true,"href":"https:\/\/linitiative.ca\/International\/wp-json\/wp\/v2\/categories?post=43027"},{"taxonomy":"post_tag","embeddable":true,"href":"https:\/\/linitiative.ca\/International\/wp-json\/wp\/v2\/tags?post=43027"}],"curies":[{"name":"wp","href":"https:\/\/api.w.org\/{rel}","templated":true}]}}