{"id":43028,"date":"2019-06-27T06:00:00","date_gmt":"2019-06-27T10:00:00","guid":{"rendered":"https:\/\/linitiative.ca\/International\/une-trentaine-dartistes-en-residence-de-creation-du-1er-au-29-juillet\/"},"modified":"2019-06-27T06:00:00","modified_gmt":"2019-06-27T10:00:00","slug":"une-trentaine-dartistes-en-residence-de-creation-du-1er-au-29-juillet","status":"publish","type":"post","link":"https:\/\/linitiative.ca\/International\/une-trentaine-dartistes-en-residence-de-creation-du-1er-au-29-juillet\/","title":{"rendered":"Une trentaine d&rsquo;artistes  en r\u00e9sidence de cr\u00e9ation  du 1er au 29 juillet"},"content":{"rendered":"<p>Une trentaine d&rsquo;artistes alg\u00e9riens et \u00e9trangers se donnent rendez-vous du 1er au 29 juillet pour une r\u00e9sidence de cr\u00e9ation \u00e0 la villa Abdeltif \u00e0 Alger, \u00e0 la faveur de la premi\u00e8re \u00e9dition de la rencontre d&rsquo;arts et nouvelles technologies \u00abMaaen\u00bb, ont annonc\u00e9 les promoteurs du projet mercredi \u00e0 Alger.\u00a0 \u00a0<br \/>Ce projet, port\u00e9 conjointement par l&rsquo;Agence alg\u00e9rienne pour le rayonnement\u00a0 culturel (Aarc) et la maison d&rsquo;art Mood &#038; Moob, verra la participation d&rsquo;artistes dans diverses disciplines appel\u00e9s \u00e0 travailler en bin\u00f4me ou en trin\u00f4me, en plus de la tenue de workshop et de conf\u00e9rences.\u00a0\u00a0<br \/>Le volet musical de ce projet comporte la participation du chanteur reggae Sadek Bouzinou du groupe \u00abDemocratoz\u00bb qui propose de travailler autour des rythmes africains avec les musiciens s\u00e9n\u00e9galais Dia Youssou et Abdoulaye Anne. Le saxophoniste de jazz Hac\u00e8ne Zermani a choisi lui aussi d&rsquo;explorer la musique nord-africaine \u00e0 travers son projet \u00abTinnit\u00bb au m\u00eame titre que la chanteuse Hayat Zerrouk qui pr\u00e9voit une \u0153uvre commune avec le plasticien Karim Nazim Tidafi.\u00a0<br \/>Evoluant en bin\u00f4mes, la danseuse suisse Deborah Chevalier et la performeuse Lila Lakehal ainsi que le plasticien et photographe Mizo et la performeuse Sarah El Hamed exploreront les lieux communs de leurs disciplines artistiques respectives.\u00a0<br \/>Les arts plastiques et la photographie connaissent le plus grand nombre de participants dont Dassine Besma Damache, Merine Hadj Abderrahmane, Mehdi Hachid, Lola Khalfa, Amir Dekik, Ryma Rezaigu\u00efa, Lamine Sakri en plus de la participation du sp\u00e9cialiste des effets 3D Samy Lamouti.\u00a0<br \/>L&rsquo;objectif de ce projet est d&rsquo;aller \u00e0 la rencontre des artistes alg\u00e9riens d&rsquo;Alg\u00e9rie et d&rsquo;ailleurs, pour \u00abencourager une collaboration et cr\u00e9er une dynamique cr\u00e9ative collective et professionnelle en Alg\u00e9rie\u00bb, expliquent les porteurs de projet lors d&rsquo;un point de presse. Le rendu du projet devra \u00eatre pr\u00e9sent\u00e9 sous forme d&rsquo;\u00e9v\u00e9nement pluridisciplinaire, organis\u00e9 \u00e0 l&rsquo;issue de la r\u00e9sidence.<\/p>\n<p>Auteur:<br \/>\n<a href=\"https:\/\/www.lesoirdalgerie.com\/culture\/une-trentaine-dartistes-en-residence-de-creation-du-1er-au-29-juillet-26115\">Cliquez ici pour lire l&rsquo;article depuis sa source.<\/a><\/p>\n","protected":false},"excerpt":{"rendered":"<p>Une trentaine d&rsquo;artistes alg\u00e9riens et \u00e9trangers se donnent rendez-vous du 1er au 29 juillet pour une r\u00e9sidence de cr\u00e9ation \u00e0 la villa Abdeltif \u00e0 Alger, \u00e0 la faveur de la premi\u00e8re \u00e9dition de la rencontre d&rsquo;arts et nouvelles technologies \u00abMaaen\u00bb, ont annonc\u00e9 les promoteurs du projet mercredi \u00e0 Alger.\u00a0 \u00a0Ce projet, port\u00e9 conjointement par l&rsquo;Agence [&hellip;]<\/p>\n","protected":false},"author":1741,"featured_media":0,"comment_status":"closed","ping_status":"closed","sticky":false,"template":"","format":"standard","meta":{"fifu_image_url":"","fifu_image_alt":"","footnotes":""},"categories":[73,53],"tags":[],"class_list":["post-43028","post","type-post","status-publish","format-standard","hentry","category-actualite","category-algerie"],"_links":{"self":[{"href":"https:\/\/linitiative.ca\/International\/wp-json\/wp\/v2\/posts\/43028","targetHints":{"allow":["GET"]}}],"collection":[{"href":"https:\/\/linitiative.ca\/International\/wp-json\/wp\/v2\/posts"}],"about":[{"href":"https:\/\/linitiative.ca\/International\/wp-json\/wp\/v2\/types\/post"}],"author":[{"embeddable":true,"href":"https:\/\/linitiative.ca\/International\/wp-json\/wp\/v2\/users\/1741"}],"replies":[{"embeddable":true,"href":"https:\/\/linitiative.ca\/International\/wp-json\/wp\/v2\/comments?post=43028"}],"version-history":[{"count":0,"href":"https:\/\/linitiative.ca\/International\/wp-json\/wp\/v2\/posts\/43028\/revisions"}],"wp:attachment":[{"href":"https:\/\/linitiative.ca\/International\/wp-json\/wp\/v2\/media?parent=43028"}],"wp:term":[{"taxonomy":"category","embeddable":true,"href":"https:\/\/linitiative.ca\/International\/wp-json\/wp\/v2\/categories?post=43028"},{"taxonomy":"post_tag","embeddable":true,"href":"https:\/\/linitiative.ca\/International\/wp-json\/wp\/v2\/tags?post=43028"}],"curies":[{"name":"wp","href":"https:\/\/api.w.org\/{rel}","templated":true}]}}