{"id":43040,"date":"2019-06-27T14:55:49","date_gmt":"2019-06-27T18:55:49","guid":{"rendered":"https:\/\/linitiative.ca\/International\/tunisie-letat-des-huit-blesses-dans-les-attentats-est-stationnaire\/"},"modified":"2019-06-27T14:55:49","modified_gmt":"2019-06-27T18:55:49","slug":"tunisie-letat-des-huit-blesses-dans-les-attentats-est-stationnaire","status":"publish","type":"post","link":"https:\/\/linitiative.ca\/International\/tunisie-letat-des-huit-blesses-dans-les-attentats-est-stationnaire\/","title":{"rendered":"Tunisie \u2013 L\u2019\u00e9tat des huit bless\u00e9s dans les attentats est stationnaire"},"content":{"rendered":"<div class=\"post-cont-in left relative\">\n<div class=\"swp_social_panel swp_horizontal_panel swp_flat_fresh swp_default_full_color swp_individual_full_color swp_other_full_color scale-100 scale-\" data-min-width=\"1100\" data-float-color=\"#ffffff\" data-float=\"none\" data-float-mobile=\"none\" data-transition=\"slide\">\n<div class=\"nc_tweetContainer swp_share_button total_shares total_sharesalt\"><span class=\"swp_count\">32 <span class=\"swp_label\">Partages<\/span><\/span><\/div>\n<\/div>\n<p>Les ministres de l\u2019int\u00e9rieur et de la Sant\u00e9 par int\u00e9rim, ont rendu visite, cet apr\u00e8s midi, aux huit bless\u00e9s lors des attentats \u00e0 l\u2019explosif perp\u00e9tr\u00e9s ce matin au centre ville de Tunis. Ils ont \u00e9t\u00e9\u00a0 hospitalis\u00e9s \u00e0 l\u2019h\u00f4pital Charles Nicolle.<\/p>\n<p>L\u2019\u00e9tat des huit bless\u00e9s est jug\u00e9 stationnaire et ne pr\u00e9sente pas de dangers particuliers.<\/p>\n<div class=\"code-block code-block-1 c3\"><ins class=\"adsbygoogle c2\" data-ad-layout=\"in-article\" data-ad-format=\"fluid\" data-ad-client=\"ca-pub-2102118777505746\" data-ad-slot=\"7301775417\"\/> <\/div>\n<div class=\"mvp-org-wrap mvp-org-logo\" itemprop=\"publisher\" itemscope=\"\" itemtype=\"https:\/\/schema.org\/Organization\"><img decoding=\"async\" src=\"https:\/\/www.tunisienumerique.com\/wp-content\/uploads\/2017\/02\/logo_tunisie_numerique.png\"\/><\/div>\n<div class=\"swp_social_panel swp_horizontal_panel swp_flat_fresh swp_default_full_color swp_individual_full_color swp_other_full_color scale-100 scale-\" data-min-width=\"1100\" data-float-color=\"#ffffff\" data-float=\"none\" data-float-mobile=\"none\" data-transition=\"slide\">\n<div class=\"nc_tweetContainer swp_share_button total_shares total_sharesalt\"><span class=\"swp_count\">32 <span class=\"swp_label\">Partages<\/span><\/span><\/div>\n<\/div>\n<div class=\"mvp-related-posts left relative\">\n<h4 class=\"post-header\"><span class=\"post-header\">Lire aussi<\/span><\/h4>\n<\/div>\n<\/div>\n<p>Auteur: LM<br \/>\n<a href=\"https:\/\/www.tunisienumerique.com\/tunisie-letat-des-huit-blesses-dans-les-attentats-est-stationnaire\/\">Cliquez ici pour lire l&rsquo;article depuis sa source.<\/a><\/p>\n","protected":false},"excerpt":{"rendered":"<p>32 Partages Les ministres de l\u2019int\u00e9rieur et de la Sant\u00e9 par int\u00e9rim, ont rendu visite, cet apr\u00e8s midi, aux huit bless\u00e9s lors des attentats \u00e0 l\u2019explosif perp\u00e9tr\u00e9s ce matin au centre ville de Tunis. Ils ont \u00e9t\u00e9\u00a0 hospitalis\u00e9s \u00e0 l\u2019h\u00f4pital Charles Nicolle. L\u2019\u00e9tat des huit bless\u00e9s est jug\u00e9 stationnaire et ne pr\u00e9sente pas de dangers [&hellip;]<\/p>\n","protected":false},"author":1789,"featured_media":43041,"comment_status":"closed","ping_status":"closed","sticky":false,"template":"","format":"standard","meta":{"fifu_image_url":"","fifu_image_alt":"","footnotes":""},"categories":[73,55],"tags":[],"class_list":["post-43040","post","type-post","status-publish","format-standard","has-post-thumbnail","hentry","category-actualite","category-tunisie"],"_links":{"self":[{"href":"https:\/\/linitiative.ca\/International\/wp-json\/wp\/v2\/posts\/43040","targetHints":{"allow":["GET"]}}],"collection":[{"href":"https:\/\/linitiative.ca\/International\/wp-json\/wp\/v2\/posts"}],"about":[{"href":"https:\/\/linitiative.ca\/International\/wp-json\/wp\/v2\/types\/post"}],"author":[{"embeddable":true,"href":"https:\/\/linitiative.ca\/International\/wp-json\/wp\/v2\/users\/1789"}],"replies":[{"embeddable":true,"href":"https:\/\/linitiative.ca\/International\/wp-json\/wp\/v2\/comments?post=43040"}],"version-history":[{"count":0,"href":"https:\/\/linitiative.ca\/International\/wp-json\/wp\/v2\/posts\/43040\/revisions"}],"wp:featuredmedia":[{"embeddable":true,"href":"https:\/\/linitiative.ca\/International\/wp-json\/"}],"wp:attachment":[{"href":"https:\/\/linitiative.ca\/International\/wp-json\/wp\/v2\/media?parent=43040"}],"wp:term":[{"taxonomy":"category","embeddable":true,"href":"https:\/\/linitiative.ca\/International\/wp-json\/wp\/v2\/categories?post=43040"},{"taxonomy":"post_tag","embeddable":true,"href":"https:\/\/linitiative.ca\/International\/wp-json\/wp\/v2\/tags?post=43040"}],"curies":[{"name":"wp","href":"https:\/\/api.w.org\/{rel}","templated":true}]}}