{"id":43042,"date":"2019-06-27T15:08:18","date_gmt":"2019-06-27T19:08:18","guid":{"rendered":"https:\/\/linitiative.ca\/International\/can-2019-youcef-belaili-envoie-lalgerie-en-huitiemes\/"},"modified":"2019-06-27T15:08:18","modified_gmt":"2019-06-27T19:08:18","slug":"can-2019-youcef-belaili-envoie-lalgerie-en-huitiemes","status":"publish","type":"post","link":"https:\/\/linitiative.ca\/International\/can-2019-youcef-belaili-envoie-lalgerie-en-huitiemes\/","title":{"rendered":"CAN 2019 : Youcef Belaili envoie l\u201dAlg\u00e9rie en huiti\u00e8mes"},"content":{"rendered":"<div class=\"nc_socialPanel swp_flatFresh swp_d_fullColor swp_i_fullColor swp_o_fullColor scale-100 scale-fullWidth\" data-position=\"none\" data-float=\"floatNone\" data-count=\"5\" data-floatcolor=\"#ffffff\" data-emphasize=\"0\">\n<div class=\"nc_tweetContainer totes totesalt\" data-id=\"6\"><span class=\"swp_count\"><span class=\"swp_label\">Partages<\/span> 0<\/span><\/div>\n<\/div>\n<p>L\u2019Alg\u00e9rie s\u2019est qualifi\u00e9e pour les huiti\u00e8mes de finale de la Coupe d\u2019Afrique des Nations 2019 apr\u00e8s avoir r\u00e9alis\u00e9 la deuxi\u00e8me victoire de suite face au S\u00e9n\u00e9gal en s\u2019imposant sur la petite des marques (1-0).<\/p>\n<p>L\u2019attaquant de l\u2019Esp\u00e9rance Sportive de Tunis Youcef Belaili a inscrit le seul but de la rencontre \u00e0 la 49\u00e8me minute du jeu.<\/p>\n<div class=\"code-block code-block-1 c4\"><ins class=\"adsbygoogle c3\" data-ad-layout=\"in-article\" data-ad-format=\"fluid\" data-ad-client=\"ca-pub-2102118777505746\" data-ad-slot=\"7301775417\"\/> <\/div>\n<p>Avec cette deuxi\u00e8me victoire en deux matches, les Alg\u00e9riens sont bien partis pour participer aux 8es de finale.<\/p>\n<div class=\"mvp-org-wrap mvp-org-logo\" itemprop=\"publisher\" itemscope=\"\" itemtype=\"https:\/\/schema.org\/Organization\"><img decoding=\"async\" src=\"https:\/\/sport.tunisienumerique.com\/wp-content\/uploads\/2017\/05\/logo_tunisie_numerique.png\"\/><\/div>\n<div class=\"nc_socialPanel swp_flatFresh swp_d_fullColor swp_i_fullColor swp_o_fullColor scale-100 scale-fullWidth\" data-position=\"none\" data-float=\"floatNone\" data-count=\"5\" data-floatcolor=\"#ffffff\" data-emphasize=\"0\">\n<div class=\"nc_tweetContainer totes totesalt\" data-id=\"6\"><span class=\"swp_count\"><span class=\"swp_label\">Partages<\/span> 0<\/span><\/div>\n<\/div>\n<div class=\"mvp-related-posts left relative\">\n<h4 class=\"post-header\"><span class=\"post-header\">Lire aussi<\/span><\/h4>\n<\/div>\n<p>Auteur: a.<br \/>\n<a href=\"https:\/\/sport.tunisienumerique.com\/can-2019-youcef-belaili-envoie-lalgerie-rie-huitiemes\/\">Cliquez ici pour lire l&rsquo;article depuis sa source.<\/a><\/p>\n","protected":false},"excerpt":{"rendered":"<p>Partages 0 L\u2019Alg\u00e9rie s\u2019est qualifi\u00e9e pour les huiti\u00e8mes de finale de la Coupe d\u2019Afrique des Nations 2019 apr\u00e8s avoir r\u00e9alis\u00e9 la deuxi\u00e8me victoire de suite face au S\u00e9n\u00e9gal en s\u2019imposant sur la petite des marques (1-0). L\u2019attaquant de l\u2019Esp\u00e9rance Sportive de Tunis Youcef Belaili a inscrit le seul but de la rencontre \u00e0 la 49\u00e8me [&hellip;]<\/p>\n","protected":false},"author":1789,"featured_media":43043,"comment_status":"closed","ping_status":"closed","sticky":false,"template":"","format":"standard","meta":{"fifu_image_url":"","fifu_image_alt":"","footnotes":""},"categories":[73,55],"tags":[],"class_list":["post-43042","post","type-post","status-publish","format-standard","has-post-thumbnail","hentry","category-actualite","category-tunisie"],"_links":{"self":[{"href":"https:\/\/linitiative.ca\/International\/wp-json\/wp\/v2\/posts\/43042","targetHints":{"allow":["GET"]}}],"collection":[{"href":"https:\/\/linitiative.ca\/International\/wp-json\/wp\/v2\/posts"}],"about":[{"href":"https:\/\/linitiative.ca\/International\/wp-json\/wp\/v2\/types\/post"}],"author":[{"embeddable":true,"href":"https:\/\/linitiative.ca\/International\/wp-json\/wp\/v2\/users\/1789"}],"replies":[{"embeddable":true,"href":"https:\/\/linitiative.ca\/International\/wp-json\/wp\/v2\/comments?post=43042"}],"version-history":[{"count":0,"href":"https:\/\/linitiative.ca\/International\/wp-json\/wp\/v2\/posts\/43042\/revisions"}],"wp:featuredmedia":[{"embeddable":true,"href":"https:\/\/linitiative.ca\/International\/wp-json\/"}],"wp:attachment":[{"href":"https:\/\/linitiative.ca\/International\/wp-json\/wp\/v2\/media?parent=43042"}],"wp:term":[{"taxonomy":"category","embeddable":true,"href":"https:\/\/linitiative.ca\/International\/wp-json\/wp\/v2\/categories?post=43042"},{"taxonomy":"post_tag","embeddable":true,"href":"https:\/\/linitiative.ca\/International\/wp-json\/wp\/v2\/tags?post=43042"}],"curies":[{"name":"wp","href":"https:\/\/api.w.org\/{rel}","templated":true}]}}