{"id":43044,"date":"2019-06-27T15:14:10","date_gmt":"2019-06-27T19:14:10","guid":{"rendered":"https:\/\/linitiative.ca\/International\/tunisie-hafedh-caied-essebsi-donne-des-nouvelles-de-levolution-de-la-sante-de-son-pere\/"},"modified":"2019-06-27T15:14:10","modified_gmt":"2019-06-27T19:14:10","slug":"tunisie-hafedh-caied-essebsi-donne-des-nouvelles-de-levolution-de-la-sante-de-son-pere","status":"publish","type":"post","link":"https:\/\/linitiative.ca\/International\/tunisie-hafedh-caied-essebsi-donne-des-nouvelles-de-levolution-de-la-sante-de-son-pere\/","title":{"rendered":"Tunisie \u2013 Hafedh Ca\u00efed Essebsi donne des nouvelles de l\u2019\u00e9volution de la sant\u00e9 de son p\u00e8re"},"content":{"rendered":"<div class=\"post-cont-in left relative\">\n<div class=\"swp_social_panel swp_horizontal_panel swp_flat_fresh swp_default_full_color swp_individual_full_color swp_other_full_color scale-100 scale-\" data-min-width=\"1100\" data-float-color=\"#ffffff\" data-float=\"none\" data-float-mobile=\"none\" data-transition=\"slide\">\n<div class=\"nc_tweetContainer swp_share_button total_shares total_sharesalt\"><span class=\"swp_count\">51 <span class=\"swp_label\">Partages<\/span><\/span><\/div>\n<\/div>\n<p>Hafedh Ca\u00efed Essebsi a publi\u00e9, il y a quelques minutes, un post, sur sa page officielle, pour rassurer le peuple tunisien par rapport \u00e0 l\u2019\u00e9tat de sant\u00e9 de son p\u00e8re, qui serait en train de s\u2019am\u00e9liorer.<\/p>\n<p>Hafedh Ca\u00efed Essebsi a tenu \u00e0 remercier le chef du gouvernement, ainsi que le pr\u00e9sident de l\u2019ARP, qui ont rendu visite au pr\u00e9sident de la R\u00e9publique \u00e0 l\u2019h\u00f4pital. Comme il a remerci\u00e9 le cadre m\u00e9dical et param\u00e9dical de l\u2019h\u00f4pital pour les soins et la sollicitude dont ils ont fait part \u00e0 l\u2019\u00e9gard du pr\u00e9sident.<\/p>\n<div class=\"code-block code-block-1 c3\"><ins class=\"adsbygoogle c2\" data-ad-layout=\"in-article\" data-ad-format=\"fluid\" data-ad-client=\"ca-pub-2102118777505746\" data-ad-slot=\"7301775417\"\/> <\/div>\n<p>Hafedh Ca\u00efed Essebsi n\u2019a pas oubli\u00e9 de remercier le peuple tunisien pour les innombrables messages de sympathie et de soutien qui sont parvenus \u00e0 la famille, de m\u00eame que les amis de la Tunisie \u00e0 l\u2019\u00e9tranger qui ont manifest\u00e9 leur soutien au pr\u00e9sident.<\/p>\n<p><img loading=\"lazy\" decoding=\"async\" class=\"aligncenter size-full wp-image-444437\" src=\"https:\/\/www.tunisienumerique.com\/wp-content\/uploads\/2019\/06\/hafedh.jpg\" alt=\"\" width=\"557\" height=\"287\"\/><\/p>\n<div class=\"mvp-org-wrap mvp-org-logo\" itemprop=\"publisher\" itemscope=\"\" itemtype=\"https:\/\/schema.org\/Organization\"><img decoding=\"async\" src=\"https:\/\/www.tunisienumerique.com\/wp-content\/uploads\/2017\/02\/logo_tunisie_numerique.png\"\/><\/div>\n<div class=\"swp_social_panel swp_horizontal_panel swp_flat_fresh swp_default_full_color swp_individual_full_color swp_other_full_color scale-100 scale-\" data-min-width=\"1100\" data-float-color=\"#ffffff\" data-float=\"none\" data-float-mobile=\"none\" data-transition=\"slide\">\n<div class=\"nc_tweetContainer swp_share_button total_shares total_sharesalt\"><span class=\"swp_count\">51 <span class=\"swp_label\">Partages<\/span><\/span><\/div>\n<\/div>\n<div class=\"mvp-related-posts left relative\">\n<h4 class=\"post-header\"><span class=\"post-header\">Lire aussi<\/span><\/h4>\n<\/div>\n<\/div>\n<p>Auteur: LM<br \/>\n<a href=\"https:\/\/www.tunisienumerique.com\/tunisie-hafedh-caied-essebsi-donne-des-nouvelles-de-levolution-de-la-sante-de-son-pere\/\">Cliquez ici pour lire l&rsquo;article depuis sa source.<\/a><\/p>\n","protected":false},"excerpt":{"rendered":"<p>51 Partages Hafedh Ca\u00efed Essebsi a publi\u00e9, il y a quelques minutes, un post, sur sa page officielle, pour rassurer le peuple tunisien par rapport \u00e0 l\u2019\u00e9tat de sant\u00e9 de son p\u00e8re, qui serait en train de s\u2019am\u00e9liorer. Hafedh Ca\u00efed Essebsi a tenu \u00e0 remercier le chef du gouvernement, ainsi que le pr\u00e9sident de l\u2019ARP, [&hellip;]<\/p>\n","protected":false},"author":1789,"featured_media":43045,"comment_status":"closed","ping_status":"closed","sticky":false,"template":"","format":"standard","meta":{"fifu_image_url":"","fifu_image_alt":"","footnotes":""},"categories":[73,55],"tags":[],"class_list":["post-43044","post","type-post","status-publish","format-standard","has-post-thumbnail","hentry","category-actualite","category-tunisie"],"_links":{"self":[{"href":"https:\/\/linitiative.ca\/International\/wp-json\/wp\/v2\/posts\/43044","targetHints":{"allow":["GET"]}}],"collection":[{"href":"https:\/\/linitiative.ca\/International\/wp-json\/wp\/v2\/posts"}],"about":[{"href":"https:\/\/linitiative.ca\/International\/wp-json\/wp\/v2\/types\/post"}],"author":[{"embeddable":true,"href":"https:\/\/linitiative.ca\/International\/wp-json\/wp\/v2\/users\/1789"}],"replies":[{"embeddable":true,"href":"https:\/\/linitiative.ca\/International\/wp-json\/wp\/v2\/comments?post=43044"}],"version-history":[{"count":0,"href":"https:\/\/linitiative.ca\/International\/wp-json\/wp\/v2\/posts\/43044\/revisions"}],"wp:featuredmedia":[{"embeddable":true,"href":"https:\/\/linitiative.ca\/International\/wp-json\/"}],"wp:attachment":[{"href":"https:\/\/linitiative.ca\/International\/wp-json\/wp\/v2\/media?parent=43044"}],"wp:term":[{"taxonomy":"category","embeddable":true,"href":"https:\/\/linitiative.ca\/International\/wp-json\/wp\/v2\/categories?post=43044"},{"taxonomy":"post_tag","embeddable":true,"href":"https:\/\/linitiative.ca\/International\/wp-json\/wp\/v2\/tags?post=43044"}],"curies":[{"name":"wp","href":"https:\/\/api.w.org\/{rel}","templated":true}]}}