{"id":43046,"date":"2019-06-27T15:27:53","date_gmt":"2019-06-27T19:27:53","guid":{"rendered":"https:\/\/linitiative.ca\/International\/bertrand-delanoe-la-tunisie-nest-pas-plus-dangereuse-que-paris\/"},"modified":"2019-06-27T15:27:53","modified_gmt":"2019-06-27T19:27:53","slug":"bertrand-delanoe-la-tunisie-nest-pas-plus-dangereuse-que-paris","status":"publish","type":"post","link":"https:\/\/linitiative.ca\/International\/bertrand-delanoe-la-tunisie-nest-pas-plus-dangereuse-que-paris\/","title":{"rendered":"Bertrand Delano\u00eb\u00a0: La Tunisie n\u2019est pas plus dangereuse que Paris"},"content":{"rendered":"<div class=\"post-cont-in left relative\">\n<div class=\"swp_social_panel swp_horizontal_panel swp_flat_fresh swp_default_full_color swp_individual_full_color swp_other_full_color scale-100 scale-\" data-min-width=\"1100\" data-float-color=\"#ffffff\" data-float=\"none\" data-float-mobile=\"none\" data-transition=\"slide\">\n<div class=\"nc_tweetContainer swp_share_button total_shares total_sharesalt\"><span class=\"swp_count\">331 <span class=\"swp_label\">Partages<\/span><\/span><\/div>\n<\/div>\n<p>Tunisien d\u2019origine, l\u2019ancien maire de Paris n\u00e9 \u00e0 Bizerte, Bertrand Delano\u00eb a affirm\u00e9, jeudi, ne pas se sentir plus en danger en Tunisie qu\u2019\u00e0 Paris, apr\u00e8s les deux attentats survenus au centre-ville de Tunis au cours de la journ\u00e9e.<\/p>\n<p>Delano\u00eb a d\u00e9clar\u00e9, au micro de RTL, que\u00a0\u201cles Tunisiens ne c\u00e9deront pas\u2026\u00a0Il faut que l\u2019on soit plus que jamais solidaire du peuple Tunisien, qui est aussi \u00e9prouv\u00e9 par le malaise qu\u2019a fait le pr\u00e9sident\u201d\u00a0 \u201cC\u2019est une p\u00e9riode difficile pour le peuple tunisien qui est valeureux (\u2026) et je ne me sens pas plus en danger en Tunisie qu\u2019\u00e0 Paris\u201d, a-t-il d\u00e9clar\u00e9 face aux interrogations de la radio.<\/p>\n<div class=\"code-block code-block-1 c3\"><ins class=\"adsbygoogle c2\" data-ad-layout=\"in-article\" data-ad-format=\"fluid\" data-ad-client=\"ca-pub-2102118777505746\" data-ad-slot=\"7301775417\"\/> <\/div>\n<div class=\"mvp-org-wrap mvp-org-logo\" itemprop=\"publisher\" itemscope=\"\" itemtype=\"https:\/\/schema.org\/Organization\"><img decoding=\"async\" src=\"https:\/\/www.tunisienumerique.com\/wp-content\/uploads\/2017\/02\/logo_tunisie_numerique.png\"\/><\/div>\n<div class=\"swp_social_panel swp_horizontal_panel swp_flat_fresh swp_default_full_color swp_individual_full_color swp_other_full_color scale-100 scale-\" data-min-width=\"1100\" data-float-color=\"#ffffff\" data-float=\"none\" data-float-mobile=\"none\" data-transition=\"slide\">\n<div class=\"nc_tweetContainer swp_share_button total_shares total_sharesalt\"><span class=\"swp_count\">331 <span class=\"swp_label\">Partages<\/span><\/span><\/div>\n<\/div>\n<div class=\"mvp-related-posts left relative\">\n<h4 class=\"post-header\"><span class=\"post-header\">Lire aussi<\/span><\/h4>\n<\/div>\n<\/div>\n<p>Auteur: LM<br \/>\n<a href=\"https:\/\/www.tunisienumerique.com\/bertrand-delanoe-la-tunisie-nest-pas-plus-dangereuse-que-paris\/\">Cliquez ici pour lire l&rsquo;article depuis sa source.<\/a><\/p>\n","protected":false},"excerpt":{"rendered":"<p>331 Partages Tunisien d\u2019origine, l\u2019ancien maire de Paris n\u00e9 \u00e0 Bizerte, Bertrand Delano\u00eb a affirm\u00e9, jeudi, ne pas se sentir plus en danger en Tunisie qu\u2019\u00e0 Paris, apr\u00e8s les deux attentats survenus au centre-ville de Tunis au cours de la journ\u00e9e. Delano\u00eb a d\u00e9clar\u00e9, au micro de RTL, que\u00a0\u201cles Tunisiens ne c\u00e9deront pas\u2026\u00a0Il faut que [&hellip;]<\/p>\n","protected":false},"author":1789,"featured_media":43047,"comment_status":"closed","ping_status":"closed","sticky":false,"template":"","format":"standard","meta":{"fifu_image_url":"","fifu_image_alt":"","footnotes":""},"categories":[73,55],"tags":[],"class_list":["post-43046","post","type-post","status-publish","format-standard","has-post-thumbnail","hentry","category-actualite","category-tunisie"],"_links":{"self":[{"href":"https:\/\/linitiative.ca\/International\/wp-json\/wp\/v2\/posts\/43046","targetHints":{"allow":["GET"]}}],"collection":[{"href":"https:\/\/linitiative.ca\/International\/wp-json\/wp\/v2\/posts"}],"about":[{"href":"https:\/\/linitiative.ca\/International\/wp-json\/wp\/v2\/types\/post"}],"author":[{"embeddable":true,"href":"https:\/\/linitiative.ca\/International\/wp-json\/wp\/v2\/users\/1789"}],"replies":[{"embeddable":true,"href":"https:\/\/linitiative.ca\/International\/wp-json\/wp\/v2\/comments?post=43046"}],"version-history":[{"count":0,"href":"https:\/\/linitiative.ca\/International\/wp-json\/wp\/v2\/posts\/43046\/revisions"}],"wp:featuredmedia":[{"embeddable":true,"href":"https:\/\/linitiative.ca\/International\/wp-json\/"}],"wp:attachment":[{"href":"https:\/\/linitiative.ca\/International\/wp-json\/wp\/v2\/media?parent=43046"}],"wp:term":[{"taxonomy":"category","embeddable":true,"href":"https:\/\/linitiative.ca\/International\/wp-json\/wp\/v2\/categories?post=43046"},{"taxonomy":"post_tag","embeddable":true,"href":"https:\/\/linitiative.ca\/International\/wp-json\/wp\/v2\/tags?post=43046"}],"curies":[{"name":"wp","href":"https:\/\/api.w.org\/{rel}","templated":true}]}}