{"id":43048,"date":"2019-06-27T15:40:32","date_gmt":"2019-06-27T19:40:32","guid":{"rendered":"https:\/\/linitiative.ca\/International\/tunisie-hammamet-arrestation-dun-individu-qui-a-cite-sur-facebook-les-operations-terroristes-avant-leur-survenue\/"},"modified":"2019-06-27T15:40:32","modified_gmt":"2019-06-27T19:40:32","slug":"tunisie-hammamet-arrestation-dun-individu-qui-a-cite-sur-facebook-les-operations-terroristes-avant-leur-survenue","status":"publish","type":"post","link":"https:\/\/linitiative.ca\/International\/tunisie-hammamet-arrestation-dun-individu-qui-a-cite-sur-facebook-les-operations-terroristes-avant-leur-survenue\/","title":{"rendered":"Tunisie \u2013 Hammamet\u00a0: Arrestation d\u2019un individu qui a cit\u00e9, sur facebook, les op\u00e9rations terroristes avant leur survenue"},"content":{"rendered":"<div class=\"post-cont-in left relative\">\n<div class=\"swp_social_panel swp_horizontal_panel swp_flat_fresh swp_default_full_color swp_individual_full_color swp_other_full_color scale-100 scale-\" data-min-width=\"1100\" data-float-color=\"#ffffff\" data-float=\"none\" data-float-mobile=\"none\" data-transition=\"slide\">\n<div class=\"nc_tweetContainer swp_share_button total_shares total_sharesalt\"><span class=\"swp_count\">76 <span class=\"swp_label\">Partages<\/span><\/span><\/div>\n<\/div>\n<p>Les agents de la brigade de police judiciaire \u00e0 Hammamet, ont r\u00e9ussi \u00e0 appr\u00e9hender, ce jeudi, un individu, originaire de la r\u00e9gion de Medjez El Bab, qui avait publi\u00e9 des posts sur sa page facebook, faisant allusion aux attentats de ce matin, avant leur survenue.<\/p>\n<p><img loading=\"lazy\" decoding=\"async\" class=\"aligncenter size-full wp-image-444458\" src=\"https:\/\/www.tunisienumerique.com\/wp-content\/uploads\/2019\/06\/hammmmm.jpg\" alt=\"\" width=\"576\" height=\"960\"\/><\/p>\n<div class=\"code-block code-block-1 c3\"><ins class=\"adsbygoogle c2\" data-ad-layout=\"in-article\" data-ad-format=\"fluid\" data-ad-client=\"ca-pub-2102118777505746\" data-ad-slot=\"7301775417\"\/> <\/div>\n<p><img loading=\"lazy\" decoding=\"async\" class=\"aligncenter size-full wp-image-444459\" src=\"https:\/\/www.tunisienumerique.com\/wp-content\/uploads\/2019\/06\/hamm1-1.jpg\" alt=\"\" width=\"575\" height=\"960\"\/><\/p>\n<p><img loading=\"lazy\" decoding=\"async\" class=\"aligncenter size-full wp-image-444461\" src=\"https:\/\/www.tunisienumerique.com\/wp-content\/uploads\/2019\/06\/hamm2-1.jpg\" alt=\"\" width=\"574\" height=\"960\"\/><\/p>\n<div class=\"mvp-org-wrap mvp-org-logo\" itemprop=\"publisher\" itemscope=\"\" itemtype=\"https:\/\/schema.org\/Organization\"><img decoding=\"async\" src=\"https:\/\/www.tunisienumerique.com\/wp-content\/uploads\/2017\/02\/logo_tunisie_numerique.png\"\/><\/div>\n<div class=\"swp_social_panel swp_horizontal_panel swp_flat_fresh swp_default_full_color swp_individual_full_color swp_other_full_color scale-100 scale-\" data-min-width=\"1100\" data-float-color=\"#ffffff\" data-float=\"none\" data-float-mobile=\"none\" data-transition=\"slide\">\n<div class=\"nc_tweetContainer swp_share_button total_shares total_sharesalt\"><span class=\"swp_count\">76 <span class=\"swp_label\">Partages<\/span><\/span><\/div>\n<\/div>\n<div class=\"mvp-related-posts left relative\">\n<h4 class=\"post-header\"><span class=\"post-header\">Lire aussi<\/span><\/h4>\n<\/div>\n<\/div>\n<p>Auteur: LM<br \/>\n<a href=\"https:\/\/www.tunisienumerique.com\/tunisie-hammamet-arrestation-dun-individu-qui-a-cite-sur-facebook-les-operations-terroristes-avant-leur-survenue\/\">Cliquez ici pour lire l&rsquo;article depuis sa source.<\/a><\/p>\n","protected":false},"excerpt":{"rendered":"<p>76 Partages Les agents de la brigade de police judiciaire \u00e0 Hammamet, ont r\u00e9ussi \u00e0 appr\u00e9hender, ce jeudi, un individu, originaire de la r\u00e9gion de Medjez El Bab, qui avait publi\u00e9 des posts sur sa page facebook, faisant allusion aux attentats de ce matin, avant leur survenue. 76 Partages Lire aussi Auteur: LM Cliquez ici [&hellip;]<\/p>\n","protected":false},"author":1789,"featured_media":43049,"comment_status":"closed","ping_status":"closed","sticky":false,"template":"","format":"standard","meta":{"fifu_image_url":"","fifu_image_alt":"","footnotes":""},"categories":[73,55],"tags":[],"class_list":["post-43048","post","type-post","status-publish","format-standard","has-post-thumbnail","hentry","category-actualite","category-tunisie"],"_links":{"self":[{"href":"https:\/\/linitiative.ca\/International\/wp-json\/wp\/v2\/posts\/43048","targetHints":{"allow":["GET"]}}],"collection":[{"href":"https:\/\/linitiative.ca\/International\/wp-json\/wp\/v2\/posts"}],"about":[{"href":"https:\/\/linitiative.ca\/International\/wp-json\/wp\/v2\/types\/post"}],"author":[{"embeddable":true,"href":"https:\/\/linitiative.ca\/International\/wp-json\/wp\/v2\/users\/1789"}],"replies":[{"embeddable":true,"href":"https:\/\/linitiative.ca\/International\/wp-json\/wp\/v2\/comments?post=43048"}],"version-history":[{"count":0,"href":"https:\/\/linitiative.ca\/International\/wp-json\/wp\/v2\/posts\/43048\/revisions"}],"wp:featuredmedia":[{"embeddable":true,"href":"https:\/\/linitiative.ca\/International\/wp-json\/"}],"wp:attachment":[{"href":"https:\/\/linitiative.ca\/International\/wp-json\/wp\/v2\/media?parent=43048"}],"wp:term":[{"taxonomy":"category","embeddable":true,"href":"https:\/\/linitiative.ca\/International\/wp-json\/wp\/v2\/categories?post=43048"},{"taxonomy":"post_tag","embeddable":true,"href":"https:\/\/linitiative.ca\/International\/wp-json\/wp\/v2\/tags?post=43048"}],"curies":[{"name":"wp","href":"https:\/\/api.w.org\/{rel}","templated":true}]}}