{"id":43050,"date":"2019-06-27T16:19:05","date_gmt":"2019-06-27T20:19:05","guid":{"rendered":"https:\/\/linitiative.ca\/International\/tunisie-ghannouchi-denonce-les-rumeurs-a-propos-du-deces-de-bce-alors-que-sa-propre-fille-la-annonce\/"},"modified":"2019-06-27T16:19:05","modified_gmt":"2019-06-27T20:19:05","slug":"tunisie-ghannouchi-denonce-les-rumeurs-a-propos-du-deces-de-bce-alors-que-sa-propre-fille-la-annonce","status":"publish","type":"post","link":"https:\/\/linitiative.ca\/International\/tunisie-ghannouchi-denonce-les-rumeurs-a-propos-du-deces-de-bce-alors-que-sa-propre-fille-la-annonce\/","title":{"rendered":"Tunisie \u2013 Ghannouchi d\u00e9nonce les rumeurs \u00e0 propos du d\u00e9c\u00e8s de BCE, alors que sa propre fille l\u2019a annonc\u00e9"},"content":{"rendered":"<div class=\"post-cont-in left relative\">\n<div class=\"swp_social_panel swp_horizontal_panel swp_flat_fresh swp_default_full_color swp_individual_full_color swp_other_full_color scale-100 scale-\" data-min-width=\"1100\" data-float-color=\"#ffffff\" data-float=\"none\" data-float-mobile=\"none\" data-transition=\"slide\">\n<div class=\"nc_tweetContainer swp_share_button total_shares total_sharesalt\"><span class=\"swp_count\">345 <span class=\"swp_label\">Partages<\/span><\/span><\/div>\n<\/div>\n<p>Le pr\u00e9sident du parti islamiste Ennahdha, Rached Ghannouchi a d\u00e9nonc\u00e9 les rumeurs qui font \u00e9tat du d\u00e9c\u00e8s du pr\u00e9sident de la R\u00e9publique B\u00e9ji Ca\u00efed Essebsi.<\/p>\n<p>Il a, par la m\u00eame occasion, appel\u00e9 \u00e0 l\u2019union et \u00e0 la coh\u00e9sion de toutes les factions politiques.<\/p>\n<div class=\"code-block code-block-1 c3\"><ins class=\"adsbygoogle c2\" data-ad-layout=\"in-article\" data-ad-format=\"fluid\" data-ad-client=\"ca-pub-2102118777505746\" data-ad-slot=\"7301775417\"\/> <\/div>\n<p>Ghannouchi, peut-il ignorer que sa propre fille avait, depuis le d\u00e9but, annonc\u00e9 le d\u00e9c\u00e8s du pr\u00e9sident Ca\u00efed Essebsi, \u00e0 travers les r\u00e9seaux sociaux et contribu\u00e9 \u00e0 la propagation de ces rumeurs\u00a0?<\/p>\n<p>En effet, la fille du Sheikh, Intissar Kheriji a publi\u00e9 un post pour annoncer le d\u00e9c\u00e8s de B\u00e9ji Ca\u00efed Essebsi, ajoutant que le pr\u00e9sident de l\u2019ARP, allait prendre le relais, en attendant les prochaines \u00e9lections, se posant la question quant \u00e0 l\u2019intention de Mohamed Ennaceur de signer, ou pas, l\u2019amendement de la loi \u00e9lectorale.<\/p>\n<p>Par la suite, la fille du Sheikh, probablement sermonn\u00e9e par celui-ci, a vite fait de retirer son post, mais des captures d\u2019\u00e9cran l\u2019ont immortalis\u00e9.<\/p>\n<p><img loading=\"lazy\" decoding=\"async\" class=\"aligncenter size-full wp-image-444452\" src=\"https:\/\/www.tunisienumerique.com\/wp-content\/uploads\/2019\/06\/intissar-kheriji.jpg\" alt=\"\" width=\"500\" height=\"1086\"\/><\/p>\n<div class=\"mvp-org-wrap mvp-org-logo\" itemprop=\"publisher\" itemscope=\"\" itemtype=\"https:\/\/schema.org\/Organization\"><img decoding=\"async\" src=\"https:\/\/www.tunisienumerique.com\/wp-content\/uploads\/2017\/02\/logo_tunisie_numerique.png\"\/><\/div>\n<div class=\"swp_social_panel swp_horizontal_panel swp_flat_fresh swp_default_full_color swp_individual_full_color swp_other_full_color scale-100 scale-\" data-min-width=\"1100\" data-float-color=\"#ffffff\" data-float=\"none\" data-float-mobile=\"none\" data-transition=\"slide\">\n<div class=\"nc_tweetContainer swp_share_button total_shares total_sharesalt\"><span class=\"swp_count\">345 <span class=\"swp_label\">Partages<\/span><\/span><\/div>\n<\/div>\n<div class=\"mvp-related-posts left relative\">\n<h4 class=\"post-header\"><span class=\"post-header\">Lire aussi<\/span><\/h4>\n<\/div>\n<\/div>\n<p>Auteur: LM<br \/>\n<a href=\"https:\/\/www.tunisienumerique.com\/tunisie-ghannouchi-denonce-les-rumeurs-a-propos-du-deces-de-bce-alors-que-sa-propre-fille-la-annonce\/\">Cliquez ici pour lire l&rsquo;article depuis sa source.<\/a><\/p>\n","protected":false},"excerpt":{"rendered":"<p>345 Partages Le pr\u00e9sident du parti islamiste Ennahdha, Rached Ghannouchi a d\u00e9nonc\u00e9 les rumeurs qui font \u00e9tat du d\u00e9c\u00e8s du pr\u00e9sident de la R\u00e9publique B\u00e9ji Ca\u00efed Essebsi. Il a, par la m\u00eame occasion, appel\u00e9 \u00e0 l\u2019union et \u00e0 la coh\u00e9sion de toutes les factions politiques. Ghannouchi, peut-il ignorer que sa propre fille avait, depuis le [&hellip;]<\/p>\n","protected":false},"author":1789,"featured_media":43051,"comment_status":"closed","ping_status":"closed","sticky":false,"template":"","format":"standard","meta":{"fifu_image_url":"","fifu_image_alt":"","footnotes":""},"categories":[73,55],"tags":[],"class_list":["post-43050","post","type-post","status-publish","format-standard","has-post-thumbnail","hentry","category-actualite","category-tunisie"],"_links":{"self":[{"href":"https:\/\/linitiative.ca\/International\/wp-json\/wp\/v2\/posts\/43050","targetHints":{"allow":["GET"]}}],"collection":[{"href":"https:\/\/linitiative.ca\/International\/wp-json\/wp\/v2\/posts"}],"about":[{"href":"https:\/\/linitiative.ca\/International\/wp-json\/wp\/v2\/types\/post"}],"author":[{"embeddable":true,"href":"https:\/\/linitiative.ca\/International\/wp-json\/wp\/v2\/users\/1789"}],"replies":[{"embeddable":true,"href":"https:\/\/linitiative.ca\/International\/wp-json\/wp\/v2\/comments?post=43050"}],"version-history":[{"count":0,"href":"https:\/\/linitiative.ca\/International\/wp-json\/wp\/v2\/posts\/43050\/revisions"}],"wp:featuredmedia":[{"embeddable":true,"href":"https:\/\/linitiative.ca\/International\/wp-json\/"}],"wp:attachment":[{"href":"https:\/\/linitiative.ca\/International\/wp-json\/wp\/v2\/media?parent=43050"}],"wp:term":[{"taxonomy":"category","embeddable":true,"href":"https:\/\/linitiative.ca\/International\/wp-json\/wp\/v2\/categories?post=43050"},{"taxonomy":"post_tag","embeddable":true,"href":"https:\/\/linitiative.ca\/International\/wp-json\/wp\/v2\/tags?post=43050"}],"curies":[{"name":"wp","href":"https:\/\/api.w.org\/{rel}","templated":true}]}}