{"id":43058,"date":"2019-06-27T16:38:19","date_gmt":"2019-06-27T20:38:19","guid":{"rendered":"https:\/\/linitiative.ca\/International\/nouvelle-du-vendredi\/"},"modified":"2019-06-27T16:38:19","modified_gmt":"2019-06-27T20:38:19","slug":"nouvelle-du-vendredi","status":"publish","type":"post","link":"https:\/\/linitiative.ca\/International\/nouvelle-du-vendredi\/","title":{"rendered":"NOUVELLE DU VENDREDI"},"content":{"rendered":"<div class=\"stream-item stream-item-above-post-content\">\n<p><noscript><\/p>\n<p><a href=\"\/\/www3.smartadserver.com\/ac?jump=1&#038;nwid=2136&#038;siteid=240610&#038;pgname=rg&#038;fmtid=49046&#038;visit=m&#038;tmstp=[timestamp]&#038;out=nonrich\" target=\"_blank\" rel=\"noopener noreferrer\"><img decoding=\"async\" src=\"\/\/www3.smartadserver.com\/ac?out=nonrich&#038;nwid=2136&#038;siteid=240610&#038;pgname=rg&#038;fmtid=49046&#038;visit=m&#038;tmstp=[timestamp]\" border=\"0\" alt=\"\"\/><\/a><\/p>\n<p><\/noscript><\/div>\n<p class=\"c3\"><em>Il y a quelques semaines, nous organisions une journ\u00e9e culturelle en collaboration avec une \u00e9cole de la capitale. Au programme, nous avions une s\u00e9rie d\u2019activit\u00e9s et une prestation de conte pr\u00e9sent\u00e9e par les \u00e9l\u00e8ves. Apr\u00e8s une pr\u00e9s\u00e9lection et une s\u00e9lection, nous retenons une vingtaine d\u2019\u00e9l\u00e8ves.<\/em><\/p>\n<p class=\"c3\"><em>Pendant les r\u00e9p\u00e9titions, les \u00e9l\u00e8ves retenus se montr\u00e8rent tr\u00e8s enthousiastes et m\u00e9ticuleux, except\u00e9 un \u00e9l\u00e8ve du CE1, Franck qui se montra d\u2019une maladresse et d\u2019une gaucherie avec son r\u00e9cit. Soit il oubliait une partie importante du texte, soit il se perdait dans son r\u00e9cit en oubliant les mots, soit il recommen\u00e7ait sans cesse de mani\u00e8re affreuse. La veille du spectacle, j\u2019en parlai \u00e0 sa ma\u00eetresse.<\/em><br \/><em>&#8211; j\u2019aurai bien voulu que le petit Franck participe au spectacle, mais convenez que c\u2019est tr\u00e8s difficile pour lui. Je ne veux vraiment pas lui faire de la peine, mais nous sommes oblig\u00e9s de faire sans lui au stade o\u00f9 nous en sommes.\u00a0<\/em> <em>Lorsque la ma\u00eetresse annon\u00e7a la nouvelle \u00e0 l\u2019enfant, il eut une r\u00e9action qui me toucha \u00e9norm\u00e9ment. Il s\u2019\u00e9carta silencieusement de ses camarades et versa quelques larmes discr\u00e8tes. Touch\u00e9 dans mon for int\u00e9rieur, je pris Franck \u00e0 l\u2019\u00e9cart et travaillai pendant une heure avec lui.<\/em><br \/><em>D\u2019abord, je lui parlai doucement, lui expliquant que ce spectacle n\u2019\u00e9tait qu\u2019un \u00e9v\u00e8nement parmi d\u2019autres qui viendront dans sa vie d\u2019\u00e9colier. Par des mots simples, j\u2019expliquai au petit Franck la philosophie de<\/em><br \/><em>savoir gagner et de savoir perdre pour pr\u00e9parer de nouvelles victoires. Le petit gar\u00e7on m\u2019\u00e9couta sagement et nous r\u00e9visions ensemble le texte, la diction et les gestuels de son r\u00e9cit.<\/em><br \/><em>Franck travailla et nous esp\u00e9rions que cette fois-ci tout irait bien. Aux toutes derni\u00e8res minutes de la r\u00e9p\u00e9tition, ce fut la catastrophe. Franck ne put terminer son r\u00e9cit. Il se perdit lamentablement. Nous nous regard\u00e2mes la ma\u00eetresse et moi. Difficile mais nous devions prendre une d\u00e9cision anodine mais importante aux yeux de l\u2019enfant.<\/em><em>Le lendemain matin, une demi-heure avant la c\u00e9r\u00e9monie, la ma\u00eetresse me dit :<\/em><br \/><em>&#8211; j\u2019ai de la peine pour le petit Franck. Il fut le dernier \u00e0 partir hier soir en r\u00e9p\u00e9tant malgr\u00e9 notre d\u00e9cision. Ce matin, il est le premier \u00e0 venir \u00e0 l\u2019\u00e9cole et il r\u00e9p\u00e8te toujours dans l\u2019espoir.<\/em><br \/><em>Sur le champ, je d\u00e9cidai de l\u2019inclure dans le groupe. Advienne que pourra\u00a0!<\/em><br \/><em>J\u2019allai voir le petit Franck et lui dis\u00a0:<\/em><br \/><em>&#8211; \u00e9coute Franck, que tu arrives \u00e0 bien raconter ton histoire ou pas, avec ta ma\u00eetresse nous avons d\u00e9cid\u00e9 que tu feras partie du groupe.<\/em><br \/><em>Par son regard brillant, j\u2019en fus soulag\u00e9. Franck fut le meilleur du groupe pendant la repr\u00e9sentation. A la fin du spectacle, Franck versa encore des larmes. Mais cette fois, c\u2019\u00e9taient des larmes de joie et de triomphe.<\/em><br \/><em>Un courage d\u2019enfant mais un courage exemplaire et exceptionnel.<\/em><\/p>\n<p class=\"c3\"><strong><em>Ousseni Nikiema,<\/em><\/strong><br \/><strong><em>70 13 25 96<\/em><\/strong><br \/><strong><em>lescontesdedunia@yahoo.fr<\/em><\/strong><\/p>\n<p>Auteur: Le Pays<br \/>\n<a href=\"http:\/\/lepays.bf\/nouvelle-du-vendredi\/\">Cliquez ici pour lire l&rsquo;article depuis sa source.<\/a><\/p>\n","protected":false},"excerpt":{"rendered":"<p>Il y a quelques semaines, nous organisions une journ\u00e9e culturelle en collaboration avec une \u00e9cole de la capitale. Au programme, nous avions une s\u00e9rie d\u2019activit\u00e9s et une prestation de conte pr\u00e9sent\u00e9e par les \u00e9l\u00e8ves. Apr\u00e8s une pr\u00e9s\u00e9lection et une s\u00e9lection, nous retenons une vingtaine d\u2019\u00e9l\u00e8ves. Pendant les r\u00e9p\u00e9titions, les \u00e9l\u00e8ves retenus se montr\u00e8rent tr\u00e8s enthousiastes [&hellip;]<\/p>\n","protected":false},"author":1813,"featured_media":0,"comment_status":"closed","ping_status":"closed","sticky":false,"template":"","format":"standard","meta":{"fifu_image_url":"","fifu_image_alt":"","footnotes":""},"categories":[73,81],"tags":[],"class_list":["post-43058","post","type-post","status-publish","format-standard","hentry","category-actualite","category-burkina-faso"],"_links":{"self":[{"href":"https:\/\/linitiative.ca\/International\/wp-json\/wp\/v2\/posts\/43058","targetHints":{"allow":["GET"]}}],"collection":[{"href":"https:\/\/linitiative.ca\/International\/wp-json\/wp\/v2\/posts"}],"about":[{"href":"https:\/\/linitiative.ca\/International\/wp-json\/wp\/v2\/types\/post"}],"author":[{"embeddable":true,"href":"https:\/\/linitiative.ca\/International\/wp-json\/wp\/v2\/users\/1813"}],"replies":[{"embeddable":true,"href":"https:\/\/linitiative.ca\/International\/wp-json\/wp\/v2\/comments?post=43058"}],"version-history":[{"count":0,"href":"https:\/\/linitiative.ca\/International\/wp-json\/wp\/v2\/posts\/43058\/revisions"}],"wp:attachment":[{"href":"https:\/\/linitiative.ca\/International\/wp-json\/wp\/v2\/media?parent=43058"}],"wp:term":[{"taxonomy":"category","embeddable":true,"href":"https:\/\/linitiative.ca\/International\/wp-json\/wp\/v2\/categories?post=43058"},{"taxonomy":"post_tag","embeddable":true,"href":"https:\/\/linitiative.ca\/International\/wp-json\/wp\/v2\/tags?post=43058"}],"curies":[{"name":"wp","href":"https:\/\/api.w.org\/{rel}","templated":true}]}}