{"id":43061,"date":"2019-06-26T19:31:25","date_gmt":"2019-06-26T23:31:25","guid":{"rendered":"https:\/\/linitiative.ca\/International\/incivisme-fiscal-au-burkina-une-etude-revele-les-causes\/"},"modified":"2019-06-26T19:31:25","modified_gmt":"2019-06-26T23:31:25","slug":"incivisme-fiscal-au-burkina-une-etude-revele-les-causes","status":"publish","type":"post","link":"https:\/\/linitiative.ca\/International\/incivisme-fiscal-au-burkina-une-etude-revele-les-causes\/","title":{"rendered":"Incivisme fiscal au Burkina: une \u00e9tude r\u00e9v\u00e8le les causes"},"content":{"rendered":"<div class=\"td-post-featured-image\"><a href=\"https:\/\/i1.wp.com\/www.sidwaya.info\/wp-content\/uploads\/2019\/06\/econmie.gif?fit=787%2C525&#038;ssl=1\" data-caption=\"\"><img loading=\"lazy\" decoding=\"async\" width=\"696\" height=\"464\" class=\"entry-thumb td-modal-image\" src=\"https:\/\/i1.wp.com\/www.sidwaya.info\/wp-content\/uploads\/2019\/06\/econmie.gif?resize=696%2C464&#038;ssl=1\" alt=\"\" title=\"econmie\"\/><\/a><\/div>\n<p><strong>Le Centre d\u2019information, de formation et d\u2019\u00e9tudes sur le budget (CIFOEB) a restitu\u00e9, le mercredi 26 juin 2019 \u00e0 Ouagadougou, une \u00e9tude sur les facteurs explicatifs de l\u2019incivisme fiscal au Burkina Faso. Le rapport a fait ressortir plusieurs causes et des proportions inqui\u00e9tantes du ph\u00e9nom\u00e8ne.<\/strong><\/p>\n<p>L\u2019incivisme fiscal, qui est en train de prendre de plus en plus de l\u2019ampleur au Burkina Faso, est d\u00fb \u00e0 un manque de sensibilisation des citoyens \u00e0 l\u2019importance des imp\u00f4ts. C\u2019est le r\u00e9sultat auquel a abouti l\u2019\u00e9tude du Centre d\u2019information, de formation et d\u2019\u00e9tudes sur le budget (CIFOEB) sur les facteurs explicatifs du ph\u00e9nom\u00e8ne et les modalit\u00e9s d\u2019incitation au paiement des imp\u00f4ts. La restitution des r\u00e9sultats de l\u2019\u00e9tude a eu lieu, le mercredi 26 juin 2019 \u00e0 Ouagadougou, au cours d\u2019un atelier. Selon le pr\u00e9sident du conseil d\u2019administration du CIFOEB, Seydou Dao, le signal que l\u2019autorit\u00e9 envoie aux contribuables n\u2019est pas souvent le bon, parce que ces derniers ont l\u2019impression que les ressources mobilis\u00e9es sont utilis\u00e9es \u00e0 d\u2019autres fins qu\u2019\u00e0 des fins d\u2019investissement, d\u2019am\u00e9lioration des conditions de vie et de bien-\u00eatre des populations. \u00ab Ce qui voudrait dire que les populations sentent qu\u2019elles contribuent pour entretenir des princes \u00bb, a fait remarquer M. Dao. Pour lui, le gouvernement doit montrer l\u2019exemple en r\u00e9duisant le train de vie de l\u2019Etat et en luttant contre la corruption pour que les r\u00e9sultats des ressources collect\u00e9es soient visibles sur le terrain en termes d\u2019investissement. Il a expliqu\u00e9 que les besoins de l\u2019Etat en termes de d\u00e9penses ordinaires et en capital s\u2019accroissent alors que le financement ext\u00e9rieur connait une r\u00e9duction.<br \/>\u00abC\u2019est dans l\u2019optique de rectifier le tir et aider le gouvernement dans ses efforts de mobilisation de ressources int\u00e9rieures pour le financement du Plan national de d\u00e9veloppement \u00e9conomique et social (PNDES) que le CIFOEB a commandit\u00e9 cette \u00e9tude. C\u2019est \u00e0 ce prix que le Burkina pourra de plus en plus voler de ses propres ailes \u00bb, a soutenu le PCA du CIFOEB. A travers cette \u00e9tude, a-t-il soulign\u00e9, le centre entend apporter sa contribution \u00e0 la promotion du civisme fiscal, indispensable pour offrir davantage des produits et services publics de haute qualit\u00e9 exig\u00e9s par les populations elles-m\u00eames. Il a ajout\u00e9 que c\u2019est une occasion \u00e9galement d\u2019expliquer aux contribuables l\u2019impact n\u00e9gatif de cet incivisme et les sensibiliser \u00e0 leur r\u00f4le dans la constitution des budgets publics.<br \/>Cr\u00e9\u00e9 en 2003, le CIFOEB est une organisation de la soci\u00e9t\u00e9 civile avec pour mission de promouvoir la bonne gouvernance \u00e9conomique et financi\u00e8re au pays des Hommes int\u00e8gres. L\u2019objectif est de cr\u00e9er les conditions d\u2019une r\u00e9partition optimale des fruits de la croissance \u00e9conomique de mani\u00e8re \u00e0 ce qu\u2019ils profitent aux populations les plus d\u00e9munies.<\/p>\n<p>Joseph HARO<\/p>\n<div class=\"td-a-rec td-a-rec-id-content_bottom td_uid_30_5d1538ab84f71_rand td_block_template_1\"><img loading=\"lazy\" decoding=\"async\" class=\"aligncenter size-full wp-image-9623\" src=\"https:\/\/www.sidwaya.info\/wp-content\/uploads\/2019\/06\/Projet-bannie%CC%80re-Orange-mobile.jpg\" alt=\"\" width=\"728\" height=\"81\"\/><\/div>\n<p>Auteur: BM. Sidwaya<br \/>\n<a href=\"https:\/\/www.sidwaya.info\/blog\/2019\/06\/26\/incivisme-fiscal-au-burkina-une-etude-revele-les-causes\/\">Cliquez ici pour lire l&rsquo;article depuis sa source.<\/a><\/p>\n","protected":false},"excerpt":{"rendered":"<p>Le Centre d\u2019information, de formation et d\u2019\u00e9tudes sur le budget (CIFOEB) a restitu\u00e9, le mercredi 26 juin 2019 \u00e0 Ouagadougou, une \u00e9tude sur les facteurs explicatifs de l\u2019incivisme fiscal au Burkina Faso. Le rapport a fait ressortir plusieurs causes et des proportions inqui\u00e9tantes du ph\u00e9nom\u00e8ne. L\u2019incivisme fiscal, qui est en train de prendre de plus [&hellip;]<\/p>\n","protected":false},"author":1816,"featured_media":0,"comment_status":"closed","ping_status":"closed","sticky":false,"template":"","format":"standard","meta":{"fifu_image_url":"","fifu_image_alt":"","footnotes":""},"categories":[73,81],"tags":[],"class_list":["post-43061","post","type-post","status-publish","format-standard","hentry","category-actualite","category-burkina-faso"],"_links":{"self":[{"href":"https:\/\/linitiative.ca\/International\/wp-json\/wp\/v2\/posts\/43061","targetHints":{"allow":["GET"]}}],"collection":[{"href":"https:\/\/linitiative.ca\/International\/wp-json\/wp\/v2\/posts"}],"about":[{"href":"https:\/\/linitiative.ca\/International\/wp-json\/wp\/v2\/types\/post"}],"author":[{"embeddable":true,"href":"https:\/\/linitiative.ca\/International\/wp-json\/wp\/v2\/users\/1816"}],"replies":[{"embeddable":true,"href":"https:\/\/linitiative.ca\/International\/wp-json\/wp\/v2\/comments?post=43061"}],"version-history":[{"count":0,"href":"https:\/\/linitiative.ca\/International\/wp-json\/wp\/v2\/posts\/43061\/revisions"}],"wp:attachment":[{"href":"https:\/\/linitiative.ca\/International\/wp-json\/wp\/v2\/media?parent=43061"}],"wp:term":[{"taxonomy":"category","embeddable":true,"href":"https:\/\/linitiative.ca\/International\/wp-json\/wp\/v2\/categories?post=43061"},{"taxonomy":"post_tag","embeddable":true,"href":"https:\/\/linitiative.ca\/International\/wp-json\/wp\/v2\/tags?post=43061"}],"curies":[{"name":"wp","href":"https:\/\/api.w.org\/{rel}","templated":true}]}}