{"id":43062,"date":"2019-06-26T19:35:09","date_gmt":"2019-06-26T23:35:09","guid":{"rendered":"https:\/\/linitiative.ca\/International\/journee-internationale-contre-la-drogue\/"},"modified":"2019-06-26T19:35:09","modified_gmt":"2019-06-26T23:35:09","slug":"journee-internationale-contre-la-drogue","status":"publish","type":"post","link":"https:\/\/linitiative.ca\/International\/journee-internationale-contre-la-drogue\/","title":{"rendered":"Journ\u00e9e internationale contre la drogue"},"content":{"rendered":"<div class=\"td-post-featured-image\"><a href=\"https:\/\/i1.wp.com\/www.sidwaya.info\/wp-content\/uploads\/2019\/06\/droguesid.gif?fit=787%2C525&#038;ssl=1\" data-caption=\"\"><img loading=\"lazy\" decoding=\"async\" width=\"696\" height=\"464\" class=\"entry-thumb td-modal-image\" src=\"https:\/\/i1.wp.com\/www.sidwaya.info\/wp-content\/uploads\/2019\/06\/droguesid.gif?resize=696%2C464&#038;ssl=1\" alt=\"\" title=\"droguesid\"\/><\/a><\/div>\n<p><strong>Le minist\u00e8re de la S\u00e9curit\u00e9 en collaboration avec le Comit\u00e9 national de lutte contre la drogue (CNLD) a anim\u00e9 une conf\u00e9rence de presse, le mercredi 26 juin 2019 \u00e0 Ouagadougou, \u00e0 l\u2019occasion de la c\u00e9l\u00e9bration de la 32e Journ\u00e9e internationale contre l\u2019abus et le trafic de drogues. A la suite de la rencontre avec les journalistes, les organisateurs ont incin\u00e9r\u00e9 35,3 tonnes de drogues.<\/strong><\/p>\n<p>Le minist\u00e8re de la S\u00e9curit\u00e9 veut susciter la collaboration de la population pour endiguer la criminalit\u00e9 li\u00e9e \u00e0 la drogue. A l\u2019occasion de la 32e Journ\u00e9e internationale contre l\u2019abus et le trafic de drogues au Burkina Faso, le minist\u00e8re de la S\u00e9curit\u00e9 en collaboration avec le Secr\u00e9tariat permanent du Comit\u00e9 national de lutte contre la drogue (CNLD) a anim\u00e9, le mercredi 26 juin 2019, une conf\u00e9rence de presse \u00e0 Ouagadougou. Au cours de la rencontre, le ministre de la S\u00e9curit\u00e9, Ouss\u00e9ni Compaor\u00e9, a expliqu\u00e9 que le Burkina Faso, compte tenu de sa situation g\u00e9ographique au c\u0153ur de l\u2019Afrique de l\u2019Ouest, n\u2019a de cesse d\u2019optimiser ses actions afin de faire face aux dangers li\u00e9s au trafic de drogues. Malgr\u00e9 les moyens mat\u00e9riels et humains limit\u00e9s des forces de s\u00e9curit\u00e9 et autres structures en charge de la question, a-t-il poursuivi, les actions entreprises en 2018 ont abouti \u00e0 des r\u00e9sultats probants. Au titre des actions de r\u00e9pression, le minis-tre Compaor\u00e9 a indiqu\u00e9 que d\u2019importantes quantit\u00e9s de drogues ont \u00e9t\u00e9 saisies. Il s\u2019agit de 10,625 tonnes de cannabis, 5,665 kg de coca\u00efne, 18,603 kg d\u2019h\u00e9ro\u00efne et de 75,294 tonnes de m\u00e9dicaments prohib\u00e9s. Ces r\u00e9sultats ont \u00e9t\u00e9 possibles gr\u00e2ce \u00e0 des s\u00e9ances de sensibilisation aux m\u00e9faits de l\u2019abus des stup\u00e9fiants et des renforcements des capacit\u00e9s des acteurs de lutte contre la drogue. Le ministre a donc souhait\u00e9 que ces efforts se poursuivent surtout du c\u00f4t\u00e9 de la jeunesse. D\u2019o\u00f9 le choix du th\u00e8me national : \u00abProbl\u00e9matique de la drogue en milieu jeune : r\u00f4les et responsabilit\u00e9s des acteurs\u00bb.<\/p>\n<p>Des soins de d\u00e9sintoxication<\/p>\n<p>De l\u2019avis du ministre Compaor\u00e9, le th\u00e8me national traduit la volont\u00e9 du CNLD de questionner l\u2019ensemble des acteurs sur les r\u00f4les et responsa-bilit\u00e9s, afin de susciter le d\u00e9veloppement des synergies d\u2019actions pour une lutte efficace contre le fl\u00e9au de la drogue. Pour plus d\u2019\u00e9clat dans les actions, des solutions doivent \u00eatre apport\u00e9es aux insuffisances. A ce propos, le ministre a instruit le SPCNLD et ses collaborations d\u2019\u00e9laborer une strat\u00e9gie de lutte contre la drogue pour orienter l\u2019action des diff\u00e9rents acteurs. Il a, par ailleurs, invit\u00e9 ces derniers \u00e0 incin\u00e9rer les 35,300 tonnes de drogues \u00e0 la suite de la conf\u00e9rence de presse. Ce qui fut fait en pr\u00e9sence des hommes de m\u00e9dias. S\u2019il est vrai qu\u2019une importante quantit\u00e9 de drogues a \u00e9t\u00e9 saisie, qu\u2019en est-il de la r\u00e9pression des trafiquants et consommateurs de ces stup\u00e9fiants. En r\u00e9ponse \u00e0 cette pr\u00e9occupation des journalistes, le procureur du Faso, Charles Kabor\u00e9 a indiqu\u00e9 que la traque est faite quotidiennement. \u00abPlusieurs personnes sont dans les liens de la justice du fait de ces trafics de drogue \u00bb, a-t-il soutenu. Puis la Secr\u00e9taire permanente du CNLD, la Commissaire divisionnaire de police, P\u00e9lagie Konseibo, d\u2019ajouter qu\u2019en plus de la r\u00e9pression, certaines personnes sous l\u2019emprise de la drogue suivent des soins de d\u00e9sintoxication dans des centres hospitaliers.<br \/>Elle a, en outre, pr\u00e9cis\u00e9 qu\u2019au niveau de la sensibilisation des populations aux cons\u00e9quences de ces produits, un cross populaire est pr\u00e9vu ce jeudi 27 juin 2017.<\/p>\n<p>Abdoulaye BALBONE<br \/>Panson Antoinette BENON (Stagiaire)<\/p>\n<div class=\"td-a-rec td-a-rec-id-content_bottom td_uid_30_5d1538aeb1f96_rand td_block_template_1\"><img loading=\"lazy\" decoding=\"async\" class=\"aligncenter size-full wp-image-9623\" src=\"https:\/\/www.sidwaya.info\/wp-content\/uploads\/2019\/06\/Projet-bannie%CC%80re-Orange-mobile.jpg\" alt=\"\" width=\"728\" height=\"81\"\/><\/div>\n<p>Auteur: BM. Sidwaya<br \/>\n<a href=\"https:\/\/www.sidwaya.info\/blog\/2019\/06\/26\/journee-internationale-contre-la-drogue\/\">Cliquez ici pour lire l&rsquo;article depuis sa source.<\/a><\/p>\n","protected":false},"excerpt":{"rendered":"<p>Le minist\u00e8re de la S\u00e9curit\u00e9 en collaboration avec le Comit\u00e9 national de lutte contre la drogue (CNLD) a anim\u00e9 une conf\u00e9rence de presse, le mercredi 26 juin 2019 \u00e0 Ouagadougou, \u00e0 l\u2019occasion de la c\u00e9l\u00e9bration de la 32e Journ\u00e9e internationale contre l\u2019abus et le trafic de drogues. A la suite de la rencontre avec les [&hellip;]<\/p>\n","protected":false},"author":1816,"featured_media":0,"comment_status":"closed","ping_status":"closed","sticky":false,"template":"","format":"standard","meta":{"fifu_image_url":"","fifu_image_alt":"","footnotes":""},"categories":[73,81],"tags":[],"class_list":["post-43062","post","type-post","status-publish","format-standard","hentry","category-actualite","category-burkina-faso"],"_links":{"self":[{"href":"https:\/\/linitiative.ca\/International\/wp-json\/wp\/v2\/posts\/43062","targetHints":{"allow":["GET"]}}],"collection":[{"href":"https:\/\/linitiative.ca\/International\/wp-json\/wp\/v2\/posts"}],"about":[{"href":"https:\/\/linitiative.ca\/International\/wp-json\/wp\/v2\/types\/post"}],"author":[{"embeddable":true,"href":"https:\/\/linitiative.ca\/International\/wp-json\/wp\/v2\/users\/1816"}],"replies":[{"embeddable":true,"href":"https:\/\/linitiative.ca\/International\/wp-json\/wp\/v2\/comments?post=43062"}],"version-history":[{"count":0,"href":"https:\/\/linitiative.ca\/International\/wp-json\/wp\/v2\/posts\/43062\/revisions"}],"wp:attachment":[{"href":"https:\/\/linitiative.ca\/International\/wp-json\/wp\/v2\/media?parent=43062"}],"wp:term":[{"taxonomy":"category","embeddable":true,"href":"https:\/\/linitiative.ca\/International\/wp-json\/wp\/v2\/categories?post=43062"},{"taxonomy":"post_tag","embeddable":true,"href":"https:\/\/linitiative.ca\/International\/wp-json\/wp\/v2\/tags?post=43062"}],"curies":[{"name":"wp","href":"https:\/\/api.w.org\/{rel}","templated":true}]}}