{"id":43063,"date":"2019-06-26T19:37:35","date_gmt":"2019-06-26T23:37:35","guid":{"rendered":"https:\/\/linitiative.ca\/International\/cdp-se-raviser-ou-jouer-les-facilitateurs\/"},"modified":"2019-06-26T19:37:35","modified_gmt":"2019-06-26T23:37:35","slug":"cdp-se-raviser-ou-jouer-les-facilitateurs","status":"publish","type":"post","link":"https:\/\/linitiative.ca\/International\/cdp-se-raviser-ou-jouer-les-facilitateurs\/","title":{"rendered":"CDP : se raviser ou jouer les facilitateurs"},"content":{"rendered":"<div class=\"td-post-featured-image\"><a href=\"https:\/\/i0.wp.com\/www.sidwaya.info\/wp-content\/uploads\/2019\/06\/regard27.gif?fit=489%2C295&#038;ssl=1\" data-caption=\"\"><img loading=\"lazy\" decoding=\"async\" width=\"489\" height=\"295\" class=\"entry-thumb td-modal-image\" src=\"https:\/\/i0.wp.com\/www.sidwaya.info\/wp-content\/uploads\/2019\/06\/regard27.gif?resize=489%2C295&#038;ssl=1\" alt=\"\" title=\"regard27\"\/><\/a><\/div>\n<p>Depuis plus d\u2019un mois, des cadres et pas des moindres du Congr\u00e8s pour la d\u00e9mocratie et le progr\u00e8s (CDP) se livrent une guerre sans merci. En toile de fond, les ambitions pour l\u2019\u00e9lection pr\u00e9sidentielle de 2020. Un adage populaire dit que qui veut aller loin m\u00e9nage sa monture et au lieu d\u2019en faire sien, le CDP lui, d\u00e9monte sa monture. Et pour cause, alors que dans les diff\u00e9rents \u00e9tats-majors des partis, l\u2019ordre est au resserrement des rangs et \u00e0 la maturation des strat\u00e9gies de campagne, c\u2019est ce moment pr\u00e9cis que l\u2019ex-parti au pouvoir se livre \u00e0 un spectacle d\u00e9solant.<\/p>\n<p>La situation est tellement criante, que le lavage du linge sale s\u2019est non seulement fait sur la voie publique, mais aussi et surtout au tribunal, avec la suspension de la tenue du congr\u00e8s extraordinaire du parti par d\u00e9cision de justice. Loin des multiples crises que le parti, a travers\u00e9es, mais \u00abg\u00e9r\u00e9es\u00bb \u00e0 l\u2019interne, les maux qui gangr\u00e8nent actuellement l\u2019ancien giga parti pourraient le mener \u00e0 l\u2019implosion si les protagonistes ne se ravisent pas \u00e0 temps. En effet, de la crise des r\u00e9formateurs en 2008 avec \u00e0 leur t\u00eate Oubkiri Marc Yao, au tsunami politique soulev\u00e9 par la courageuse sortie m\u00e9diatique de l\u2019ancien vice-pr\u00e9sident du parti et ambassadeur du Burkina \u00e0 Vienne, Salifou Diallo en 2009, en passant par la vague de d\u00e9missions de 2013 qui a abouti \u00e0 la cr\u00e9ation du Mouvement du peuple pour le progr\u00e8s (MPP) en 2014, le CDP n\u2019est jamais tomb\u00e9 aussi bas.<\/p>\n<p>Nul besoin de rappeler \u00e0 des monuments politiques de la trempe des acteurs de l\u2019actuelle crise, que l\u2019union fait la force. Alors que le parti, qui \u00e9tait au bord de la disparition, apr\u00e8s l\u2019insurrection populaire de 2014, commen\u00e7ait \u00e0 se remettre d\u2019un d\u00e9saveu populaire, le voil\u00e0 s\u2019enfon\u00e7ant dans une crise profonde. Trois camps se regardent en chiens de fa\u00efence. Il s\u2019agit d\u2019abord de celui d\u2019Eddie Kombo\u00efgo (EKO), de Kadr\u00e9 D\u00e9sir\u00e9 Ou\u00e9draogo (KDO) et des non-align\u00e9s (jusqu\u2019\u00e0 plus ample inform\u00e9), la vieille garde, conduite par l\u2019insubmersible Mahamadi Kouanda. Dans une r\u00e9cente interview, ce dernier affirmait : \u00abSi le CDP doit \u00e9clater pour que Eddie ne soit pas candidat, il \u00e9clatera. Ma position est tr\u00e8s claire. Je suis pr\u00eat \u00e0 soutenir d\u2019autres candidatures. J\u2019ai ma candidate qui est Juliette Bonkoungou. Je dis au passage que je ne suis pas contre Kadr\u00e9. S\u2019il arrive \u00e0 battre Juliette aux primaires, je le soutiendrai \u2026\u00bb.<\/p>\n<p>Il est connu de tous que la candidature de Eddie Kombo\u00efgo, d\u2019ailleurs rejet\u00e9e \u00e0 la pr\u00e9sidentielle de 2015, a failli faire exploser le parti \u00e0 l\u2019\u00e9poque, mais on \u00e9tait loin d\u2019imaginer que les divergences internes couvaient \u00e0 ce point. La teneur des propos, parfois des plus acerbes, t\u00e9moigne \u00e0 volont\u00e9 que les rivalit\u00e9s proprement politiques sont tenaces. Propre acteur de la destruction de ses chances de retour \u00e0 Kosyam en 2020, le parti de Blaise Compaor\u00e9 facilite donc la t\u00e2che \u00e0 ses rivaux, notamment le MPP au pouvoir. Comme quoi, la crise au sein du CDP est loin de d\u00e9plaire au reste de la classe politique nationale. C\u2019est bien dommage et m\u00eame regrettable que pour des questions d\u2019\u00e9go, les t\u00e9nors ne puissent pas pr\u00e9server l\u2019int\u00e9r\u00eat du parti qui leur a donn\u00e9 pouvoir, honneur, notori\u00e9t\u00e9, fortune et bien plus. Le CDP devait bien quand m\u00eame pr\u00e9senter un meilleur visage, surtout qu\u2019il sort d\u2019une temp\u00eate qui l\u2019avait quasiment d\u00e9racin\u00e9. Le CDP devrait donc vite se raviser ou renoncer \u00e0 toute ambition et de fait, jouer les facilitateurs malgr\u00e9 lui pour son principal vis-\u00e0-vis, le MPP.<\/p>\n<p>Jean-Marie TOE<\/p>\n<div class=\"td-a-rec td-a-rec-id-content_bottom td_uid_30_5d1538b21d2ac_rand td_block_template_1\"><img loading=\"lazy\" decoding=\"async\" class=\"aligncenter size-full wp-image-9623\" src=\"https:\/\/www.sidwaya.info\/wp-content\/uploads\/2019\/06\/Projet-bannie%CC%80re-Orange-mobile.jpg\" alt=\"\" width=\"728\" height=\"81\"\/><\/div>\n<p>Auteur: BM. Sidwaya<br \/>\n<a href=\"https:\/\/www.sidwaya.info\/blog\/2019\/06\/26\/cdp-se-raviser-ou-jouer-les-facilitateurs\/\">Cliquez ici pour lire l&rsquo;article depuis sa source.<\/a><\/p>\n","protected":false},"excerpt":{"rendered":"<p>Depuis plus d\u2019un mois, des cadres et pas des moindres du Congr\u00e8s pour la d\u00e9mocratie et le progr\u00e8s (CDP) se livrent une guerre sans merci. En toile de fond, les ambitions pour l\u2019\u00e9lection pr\u00e9sidentielle de 2020. Un adage populaire dit que qui veut aller loin m\u00e9nage sa monture et au lieu d\u2019en faire sien, le [&hellip;]<\/p>\n","protected":false},"author":1816,"featured_media":0,"comment_status":"closed","ping_status":"closed","sticky":false,"template":"","format":"standard","meta":{"fifu_image_url":"","fifu_image_alt":"","footnotes":""},"categories":[73,81],"tags":[],"class_list":["post-43063","post","type-post","status-publish","format-standard","hentry","category-actualite","category-burkina-faso"],"_links":{"self":[{"href":"https:\/\/linitiative.ca\/International\/wp-json\/wp\/v2\/posts\/43063","targetHints":{"allow":["GET"]}}],"collection":[{"href":"https:\/\/linitiative.ca\/International\/wp-json\/wp\/v2\/posts"}],"about":[{"href":"https:\/\/linitiative.ca\/International\/wp-json\/wp\/v2\/types\/post"}],"author":[{"embeddable":true,"href":"https:\/\/linitiative.ca\/International\/wp-json\/wp\/v2\/users\/1816"}],"replies":[{"embeddable":true,"href":"https:\/\/linitiative.ca\/International\/wp-json\/wp\/v2\/comments?post=43063"}],"version-history":[{"count":0,"href":"https:\/\/linitiative.ca\/International\/wp-json\/wp\/v2\/posts\/43063\/revisions"}],"wp:attachment":[{"href":"https:\/\/linitiative.ca\/International\/wp-json\/wp\/v2\/media?parent=43063"}],"wp:term":[{"taxonomy":"category","embeddable":true,"href":"https:\/\/linitiative.ca\/International\/wp-json\/wp\/v2\/categories?post=43063"},{"taxonomy":"post_tag","embeddable":true,"href":"https:\/\/linitiative.ca\/International\/wp-json\/wp\/v2\/tags?post=43063"}],"curies":[{"name":"wp","href":"https:\/\/api.w.org\/{rel}","templated":true}]}}