{"id":43064,"date":"2019-06-26T19:42:50","date_gmt":"2019-06-26T23:42:50","guid":{"rendered":"https:\/\/linitiative.ca\/International\/promotion-de-la-paix-au-burkinales-personnes-vulnerables-sollicitees\/"},"modified":"2019-06-26T19:42:50","modified_gmt":"2019-06-26T23:42:50","slug":"promotion-de-la-paix-au-burkinales-personnes-vulnerables-sollicitees","status":"publish","type":"post","link":"https:\/\/linitiative.ca\/International\/promotion-de-la-paix-au-burkinales-personnes-vulnerables-sollicitees\/","title":{"rendered":"Promotion de la paix au Burkina:les personnes vuln\u00e9rables sollicit\u00e9es"},"content":{"rendered":"<div class=\"td-post-featured-image\"><a href=\"https:\/\/i0.wp.com\/www.sidwaya.info\/wp-content\/uploads\/2019\/06\/paix27.gif?fit=787%2C443&#038;ssl=1\" data-caption=\"\"><img loading=\"lazy\" decoding=\"async\" width=\"696\" height=\"392\" class=\"entry-thumb td-modal-image\" src=\"https:\/\/i0.wp.com\/www.sidwaya.info\/wp-content\/uploads\/2019\/06\/paix27.gif?resize=696%2C392&#038;ssl=1\" alt=\"\" title=\"paix27\"\/><\/a><\/div>\n<p><strong>La 9e \u00e9dition de la Journ\u00e9e internationale de la veuve et de l\u2019orphelin a \u00e9t\u00e9 c\u00e9l\u00e9br\u00e9e dans la ville de P\u00f4, \u00e0 l\u2019initiative de la fondation Lucie-Kabor\u00e9<\/strong><\/p>\n<p>\u00abFemmes, paix et s\u00e9curit\u00e9 au Burkina Faso, quelles contributions pour la promotion des personnes vuln\u00e9rables \u00bb, est le th\u00e8me qui a \u00e9t\u00e9 retenu pour la comm\u00e9moration de la 9e \u00e9dition de la journ\u00e9e internationale de la veuve et de l\u2019orphelin. Cette ann\u00e9e, c\u2019est la ville de P\u00f4 qui a accueilli les activit\u00e9s comm\u00e9moratives. Le premier adjoint au maire de la commune de P\u00f4, Assane Gomgnimbou a, au nom du conseil municipal, remerci\u00e9 les responsables de la fondation Lucie-Kabor\u00e9 pour le choix port\u00e9 sur la commune de P\u00f4 pour abriter l\u2019\u00e9v\u00e9nement. Il a invit\u00e9 les populations \u00e0 plus d\u2019efforts en faveur de la veuve, car ce n\u2019est pas par plaisir qu\u2019elles ont choisi de l\u2019\u00eatre. Pour la coordonnatrice provinciale de la fondation, Lucie Tapsoba, le tableau de la veuve est tr\u00e8s sombre. Il se r\u00e9sume, entre autres, en l\u2019accusation de sorcellerie, l\u00e9virat et les humiliations de tout genre. Elle a remerci\u00e9 la fondation pour le cadre cr\u00e9\u00e9 en leur faveur. Ce dernier leur permettra de se donner du courage apr\u00e8s des moments difficiles dus au veuvage. La coordonnatrice de la fondation, Dr Alice Zoungrana a dit toute sa satisfaction pour la tenue de cette 9e \u00e9dition qui a \u00e9t\u00e9 coupl\u00e9e avec les 45 ans d\u2019existence de la fondation dont 35 ans dans la d\u00e9nomination \u00abAssociation des veuves et des orphelins du Burkina Faso\u00bb et 10 ans sous l\u2019appellation \u00abFondation Lucie-Kabor\u00e9 pour la promotion des veuves et orphelins\u00bb. Elle a invit\u00e9 les d\u00e9cideurs \u00e0 plus d\u2019attention envers les veuves et les orphelins. Pour le parrain de la c\u00e9r\u00e9monie, le ministre des Sports et des Loisirs, Daouda Azoupiou, sa pr\u00e9sence vise un double objectif. Le premier est de traduire sa gratitude et son engagement envers cette couche de la population, d\u2019une part et, d\u2019autre part, \u00e0 saluer l\u2019initiative de la fondation qui \u0153uvre au quotidien pour l\u2019\u00e9panouissement de la veuve et de l\u2019orphelin. Pour la patronne de la c\u00e9r\u00e9monie, Cl\u00e9mentine Dabir\u00e9, cette journ\u00e9e est pleine d\u2019\u00e9motions. Car, les veuves \u00e9prouvent d\u2019\u00e9normes difficult\u00e9s et le veuvage n\u2019est pas une fatalit\u00e9. C\u2019est pourquoi, elle a demand\u00e9 aux autorit\u00e9s d\u2019interc\u00e9der aupr\u00e8s des d\u00e9cideurs et les collectivit\u00e9s afin qu\u2019ils inscrivent des lignes budg\u00e9taires pour accompagner les veuves. Pour leurs actions envers les veuves, la fondation et Mme Zoungrana Marie Joseph, membre de la fondation ont \u00e9t\u00e9 distingu\u00e9es dans l\u2019ordre du m\u00e9rit\u00e9 burkinab\u00e8 avec agrafe sant\u00e9-action sociale. Egalement les meilleurs \u00e9l\u00e8ves orphelins du post-primaire et du secondaire ont re\u00e7u des vivres et des kits scolaires.<\/p>\n<p>Hamidou K. OUENA,<\/p>\n<div class=\"td-a-rec td-a-rec-id-content_bottom td_uid_30_5d1538b52bd22_rand td_block_template_1\"><img loading=\"lazy\" decoding=\"async\" class=\"aligncenter size-full wp-image-9623\" src=\"https:\/\/www.sidwaya.info\/wp-content\/uploads\/2019\/06\/Projet-bannie%CC%80re-Orange-mobile.jpg\" alt=\"\" width=\"728\" height=\"81\"\/><\/div>\n<p>Auteur: BM. Sidwaya<br \/>\n<a href=\"https:\/\/www.sidwaya.info\/blog\/2019\/06\/26\/promotion-de-la-paix-au-burkinales-personnes-vulnerables-sollicitees\/\">Cliquez ici pour lire l&rsquo;article depuis sa source.<\/a><\/p>\n","protected":false},"excerpt":{"rendered":"<p>La 9e \u00e9dition de la Journ\u00e9e internationale de la veuve et de l\u2019orphelin a \u00e9t\u00e9 c\u00e9l\u00e9br\u00e9e dans la ville de P\u00f4, \u00e0 l\u2019initiative de la fondation Lucie-Kabor\u00e9 \u00abFemmes, paix et s\u00e9curit\u00e9 au Burkina Faso, quelles contributions pour la promotion des personnes vuln\u00e9rables \u00bb, est le th\u00e8me qui a \u00e9t\u00e9 retenu pour la comm\u00e9moration de la [&hellip;]<\/p>\n","protected":false},"author":1816,"featured_media":0,"comment_status":"closed","ping_status":"closed","sticky":false,"template":"","format":"standard","meta":{"fifu_image_url":"","fifu_image_alt":"","footnotes":""},"categories":[73,81],"tags":[],"class_list":["post-43064","post","type-post","status-publish","format-standard","hentry","category-actualite","category-burkina-faso"],"_links":{"self":[{"href":"https:\/\/linitiative.ca\/International\/wp-json\/wp\/v2\/posts\/43064","targetHints":{"allow":["GET"]}}],"collection":[{"href":"https:\/\/linitiative.ca\/International\/wp-json\/wp\/v2\/posts"}],"about":[{"href":"https:\/\/linitiative.ca\/International\/wp-json\/wp\/v2\/types\/post"}],"author":[{"embeddable":true,"href":"https:\/\/linitiative.ca\/International\/wp-json\/wp\/v2\/users\/1816"}],"replies":[{"embeddable":true,"href":"https:\/\/linitiative.ca\/International\/wp-json\/wp\/v2\/comments?post=43064"}],"version-history":[{"count":0,"href":"https:\/\/linitiative.ca\/International\/wp-json\/wp\/v2\/posts\/43064\/revisions"}],"wp:attachment":[{"href":"https:\/\/linitiative.ca\/International\/wp-json\/wp\/v2\/media?parent=43064"}],"wp:term":[{"taxonomy":"category","embeddable":true,"href":"https:\/\/linitiative.ca\/International\/wp-json\/wp\/v2\/categories?post=43064"},{"taxonomy":"post_tag","embeddable":true,"href":"https:\/\/linitiative.ca\/International\/wp-json\/wp\/v2\/tags?post=43064"}],"curies":[{"name":"wp","href":"https:\/\/api.w.org\/{rel}","templated":true}]}}