{"id":43066,"date":"2019-06-26T20:10:12","date_gmt":"2019-06-27T00:10:12","guid":{"rendered":"https:\/\/linitiative.ca\/International\/armee-nationale-le-general-bila-zagre-a-passe-larme-a-gauche\/"},"modified":"2019-06-26T20:10:12","modified_gmt":"2019-06-27T00:10:12","slug":"armee-nationale-le-general-bila-zagre-a-passe-larme-a-gauche","status":"publish","type":"post","link":"https:\/\/linitiative.ca\/International\/armee-nationale-le-general-bila-zagre-a-passe-larme-a-gauche\/","title":{"rendered":"Arm\u00e9e nationale: le g\u00e9n\u00e9ral Bila Zagr\u00e9 a pass\u00e9 l\u2019arme \u00e0 gauche"},"content":{"rendered":"<div class=\"td-post-featured-image\"><a href=\"https:\/\/i1.wp.com\/www.sidwaya.info\/wp-content\/uploads\/2019\/06\/general.gif?fit=624%2C787&#038;ssl=1\" data-caption=\"\"><img loading=\"lazy\" decoding=\"async\" width=\"624\" height=\"787\" class=\"entry-thumb td-modal-image\" src=\"https:\/\/i1.wp.com\/www.sidwaya.info\/wp-content\/uploads\/2019\/06\/general.gif?resize=624%2C787&#038;ssl=1\" alt=\"\" title=\"general\"\/><\/a><\/div>\n<p><strong>L\u2019illustre g\u00e9n\u00e9ral de brigade, Bila Jean G\u00e9rard Zagr\u00e9, ancien chef d\u2019Etat-major g\u00e9n\u00e9ral des arm\u00e9es de 1979 \u00e0 1980, est d\u00e9c\u00e9d\u00e9, hier mercredi 26 juin 2019, \u00e0 l\u2019\u00e2ge de 94 ans. Il a connu une riche carri\u00e8re au sein de \u00abla grande muette\u00bb et dans l\u2019administration publique durant quatre d\u00e9cennies.<\/strong><\/p>\n<p>Le Burkina Faso vient de perdre l\u2019un de ses illustres fils. Ancien chef d\u2019Etat-major g\u00e9n\u00e9ral des arm\u00e9es de 1979 \u00e0 1980, le g\u00e9n\u00e9ral de brigade, Bila Jean G\u00e9rard Zagr\u00e9 a, en effet, pass\u00e9 l\u2019arme \u00e0 gauche hier mercredi 26 juin 2019 en d\u00e9but de matin\u00e9e. L\u2019homme aura, en l\u2019espace de quatre d\u00e9cennies, occup\u00e9 de hautes fonctions au cours de la p\u00e9riode pr\u00e9- et post-coloniale. N\u00e9 le 24 juillet 1925, Bila Jean G\u00e9rard Zagr\u00e9, enfant de troupe, rejoint, comme engag\u00e9 volontaire, les rangs de l\u2019arm\u00e9e fran\u00e7aise le 6 novembre 1943. C\u2019est le d\u00e9but d\u2019une ascension au cours de laquelle, il gravit progressivement tous les grades inf\u00e9rieurs jusqu\u2019en 1956. Au cours de la m\u00eame ann\u00e9e, il est promu adjudant. Il entame alors une carri\u00e8re d\u2019officier au sein de \u00abla Grande muette\u00bb fran\u00e7aise. Lib\u00e9r\u00e9 de ses obligations \u00e0 l\u2019\u00e9gard de l\u2019ancienne puissance coloniale le 30 ao\u00fbt 1961, le lieutenant Bila Jean G\u00e9rard Zagr\u00e9 est transf\u00e9r\u00e9 \u00e0 l\u2019arm\u00e9e nationale de la Haute-Volta. Il y passera successivement les grades de capitaine, de commandant, de lieutenant-colonel, et de colonel. Il est \u00e9lev\u00e9 \u00e0 titre exceptionnel, le 1er novembre 1979, au grade de g\u00e9n\u00e9ral de brigade. Le 16 novembre 1982, il est admis \u00e0 la deuxi\u00e8me section des officiers g\u00e9n\u00e9raux, totalisant ainsi 39 ans et 10 jours de service effectif. Au cours de cette longue et riche carri\u00e8re, il occupera \u00e9galement des fonctions officielles. Le g\u00e9n\u00e9ral Zagr\u00e9 deviendra, tour \u00e0 tour, aide de camp du pr\u00e9sident de la r\u00e9publique de Haute-Volta de 1960 \u00e0 1961, chef du premier bureau de l\u2019Etat-major de 1962 \u00e0 1966, secr\u00e9taire d\u2019Etat \u00e0 l\u2019int\u00e9rieur de 1966 \u00e0 1967, ministre des Postes, des T\u00e9l\u00e9communications et de l\u2019Information de 1967 \u00e0 1971, ministre de l\u2019Information de 1971 \u00e0 1974, ministre de l\u2019Int\u00e9rieur et de la s\u00e9curit\u00e9 de 1974 \u00e0 1976, et inspecteur des arm\u00e9es de 1976 \u00e0 1979. Chef d\u2019Etat-major g\u00e9n\u00e9ral des forces arm\u00e9es volta\u00efques de 1979 \u00e0 1980, il a re\u00e7u, par ailleurs, au cours de son parcours, plusieurs d\u00e9corations parmi lesquelles la M\u00e9daille coloniale \u00abagrafe Madagascar\u00bb, la M\u00e9daille comm\u00e9morative Indochine, celles de Chevalier de l\u2019Ordre national, Officier de l\u2019Ordre national volta\u00efque, de Commandeur de l\u2019Ordre national, et de la L\u00e9gion d\u2019honneur, Grand-croix de l\u2019Ordre national, Ordre national des Anciens combattants de France, etc. Une avenue situ\u00e9e au quartier Koulouba de Ouagadougou porte son nom depuis octobre 2007. A l\u2019occasion de la c\u00e9l\u00e9bration du 55e anniversaire des Forces arm\u00e9es nationales plac\u00e9 sous le th\u00e8me : \u00abRaffermissement de la vocation militaire au service d\u2019une arm\u00e9e r\u00e9publicaine\u00bb, le camp militaire de Kamboinsin (Bangr\u00e9 ENSOA) a \u00e9galement \u00e9t\u00e9 baptis\u00e9 \u201cCamp G\u00e9n\u00e9ral- Bila-Zagr\u00e9\u201d, le 29 octobre 2015, par les autorit\u00e9s de la Transition.<\/p>\n<p>W. Aubin NANA<\/p>\n<div class=\"td-a-rec td-a-rec-id-content_bottom td_uid_30_5d1538bb57918_rand td_block_template_1\"><img loading=\"lazy\" decoding=\"async\" class=\"aligncenter size-full wp-image-9623\" src=\"https:\/\/www.sidwaya.info\/wp-content\/uploads\/2019\/06\/Projet-bannie%CC%80re-Orange-mobile.jpg\" alt=\"\" width=\"728\" height=\"81\"\/><\/div>\n<p>Auteur: BM. Sidwaya<br \/>\n<a href=\"https:\/\/www.sidwaya.info\/blog\/2019\/06\/27\/armee-nationale-le-general-bila-zagre-a-passe-larme-a-gauche\/\">Cliquez ici pour lire l&rsquo;article depuis sa source.<\/a><\/p>\n","protected":false},"excerpt":{"rendered":"<p>L\u2019illustre g\u00e9n\u00e9ral de brigade, Bila Jean G\u00e9rard Zagr\u00e9, ancien chef d\u2019Etat-major g\u00e9n\u00e9ral des arm\u00e9es de 1979 \u00e0 1980, est d\u00e9c\u00e9d\u00e9, hier mercredi 26 juin 2019, \u00e0 l\u2019\u00e2ge de 94 ans. Il a connu une riche carri\u00e8re au sein de \u00abla grande muette\u00bb et dans l\u2019administration publique durant quatre d\u00e9cennies. Le Burkina Faso vient de perdre [&hellip;]<\/p>\n","protected":false},"author":1816,"featured_media":0,"comment_status":"closed","ping_status":"closed","sticky":false,"template":"","format":"standard","meta":{"fifu_image_url":"","fifu_image_alt":"","footnotes":""},"categories":[73,81],"tags":[],"class_list":["post-43066","post","type-post","status-publish","format-standard","hentry","category-actualite","category-burkina-faso"],"_links":{"self":[{"href":"https:\/\/linitiative.ca\/International\/wp-json\/wp\/v2\/posts\/43066","targetHints":{"allow":["GET"]}}],"collection":[{"href":"https:\/\/linitiative.ca\/International\/wp-json\/wp\/v2\/posts"}],"about":[{"href":"https:\/\/linitiative.ca\/International\/wp-json\/wp\/v2\/types\/post"}],"author":[{"embeddable":true,"href":"https:\/\/linitiative.ca\/International\/wp-json\/wp\/v2\/users\/1816"}],"replies":[{"embeddable":true,"href":"https:\/\/linitiative.ca\/International\/wp-json\/wp\/v2\/comments?post=43066"}],"version-history":[{"count":0,"href":"https:\/\/linitiative.ca\/International\/wp-json\/wp\/v2\/posts\/43066\/revisions"}],"wp:attachment":[{"href":"https:\/\/linitiative.ca\/International\/wp-json\/wp\/v2\/media?parent=43066"}],"wp:term":[{"taxonomy":"category","embeddable":true,"href":"https:\/\/linitiative.ca\/International\/wp-json\/wp\/v2\/categories?post=43066"},{"taxonomy":"post_tag","embeddable":true,"href":"https:\/\/linitiative.ca\/International\/wp-json\/wp\/v2\/tags?post=43066"}],"curies":[{"name":"wp","href":"https:\/\/api.w.org\/{rel}","templated":true}]}}