{"id":43072,"date":"2019-06-27T13:50:20","date_gmt":"2019-06-27T17:50:20","guid":{"rendered":"https:\/\/linitiative.ca\/International\/assassinat-de-deux-scandinaves-au-maroc-peine-de-mort-requise-contre-3-accuses\/"},"modified":"2019-06-27T13:50:20","modified_gmt":"2019-06-27T17:50:20","slug":"assassinat-de-deux-scandinaves-au-maroc-peine-de-mort-requise-contre-3-accuses","status":"publish","type":"post","link":"https:\/\/linitiative.ca\/International\/assassinat-de-deux-scandinaves-au-maroc-peine-de-mort-requise-contre-3-accuses\/","title":{"rendered":"Assassinat de deux Scandinaves au Maroc: peine de mort requise contre 3 accus\u00e9s"},"content":{"rendered":"<div readability=\"32\">\n<p>Publi\u00e9 le 27.06.2019 \u00e0 18h50 par AFP<\/p>\n<\/div>\n<div readability=\"101\">\n<p>L\u2019accusation a requis jeudi la peine capitale contre trois des 24 accus\u00e9s jug\u00e9s par un tribunal antiterroriste marocain pour l\u2019assassinat de deux jeunes touristes scandinaves d\u00e9capit\u00e9es mi-d\u00e9cembre au Maroc au nom du groupe jihadiste Etat islamique (EI).<\/p>\n<p>La peine de mort a \u00e9t\u00e9 requise contre Abdessamad Ejjoud, un marchand ambulant de 25 ans consid\u00e9r\u00e9 comme le cerveau du groupe et contre deux autres Marocains radicalis\u00e9s.<\/p>\n<p>Les trois hommes ont avou\u00e9 leurs r\u00f4les respectifs dans l\u2019ex\u00e9cution de Louisa Vesterager Jespersen, une \u00e9tudiante danoise et de son amie norv\u00e9gienne Maren Ueland qui campaient dans le Haut-Atlas (sud).<\/p>\n<p>Le procureur a ensuite requis des peines allant de quinze ans de prison \u00e0 la perp\u00e9tuit\u00e9 contre les autres accus\u00e9s, \u00e2g\u00e9s de 20 \u00e0 51 ans, tous issus de milieux modestes et vivant dans des quartiers d\u00e9sh\u00e9rit\u00e9s de Marrakech, la capitale touristique du Maroc.<\/p>\n<p>La perp\u00e9tuit\u00e9 a \u00e9t\u00e9 requise contre Abderrahim Khayali, un plombier 33 ans, qui avait accompagn\u00e9 le trio dans les montagnes du Haut-Atlas mais \u00e9tait parti avant la tuerie chercher une planque \u00e0 Marrakech, apr\u00e8s deux tentatives infructueuses pour agresser d\u2019autres randonneurs.<\/p>\n<p>Le procureur a par ailleurs demand\u00e9 30 ans de prison pour trois accus\u00e9s, 25 ans pour deux autres, 20 ans pour neuf autres dont un Hispano-suisse converti \u00e0 l\u2019islam, Kevin Zoller Guervos, et 15 ans pour les trois derniers.<\/p>\n<p>Il a not\u00e9 dans son r\u00e9quisitoire que le groupe avait foment\u00e9 plusieurs actions terroristes avort\u00e9es contre diff\u00e9rentes cibles, avant le double assassinat. Il a aussi soulign\u00e9 que tous les accus\u00e9s, sauf trois, avaient reconnu \u00eatre des partisans de l\u2019EI.<\/p>\n<p>Le procureur a soulign\u00e9 que le rapport d\u2019autopsie avait d\u00e9nombr\u00e9 23 blessures sur le corps d\u00e9capit\u00e9 de Louisa et sept sur celui de Maren, avant de qualifier les trois assassins ayant avou\u00e9 de \u00ab\u00a0monstres sanguinaires\u00a0\u00bb.<\/p>\n<p>Abdessamad Ejjoud, un repris de justice devenu imam clandestin a reconnu avoir d\u00e9capit\u00e9 une des deux randonneuses. Younes Ouaziyad, un menuisier de 27 ans, a reconnu avoir tu\u00e9 l\u2019autre, tandis que Rachid Afatti, 33 ans, filmait la sc\u00e8ne avec son t\u00e9l\u00e9phone portable.<\/p>\n<p>Les images avaient \u00e9t\u00e9 post\u00e9es sur les r\u00e9seaux sociaux, avant la diffusion de leur vid\u00e9o d\u2019all\u00e9geance \u00e0 l\u2019EI \u2013 qui n\u2019a jamais revendiqu\u00e9 le double assassinat.<\/p>\n<p>Les condamnations \u00e0 la peine capitale sont toujours prononc\u00e9es au Maroc, mais un moratoire est appliqu\u00e9 de facto depuis 1993 et son abolition fait d\u00e9bat, la nouvelle Constitution adopt\u00e9e en 2011 pr\u00e9voyant explicitement le \u00ab\u00a0droit \u00e0 la vie\u00a0\u00bb.<\/p>\n<p>Des p\u00e9titions r\u00e9clamant la peine de mort pour les assassins des deux Scandinaves ont circul\u00e9 sur Internet, le sort de Louisa et Maren ayant suscit\u00e9 une grande \u00e9motion au Maroc.<\/p>\n<\/div>\n<p>Auteur: AFP<br \/>\n<a href=\"https:\/\/www.journalducameroun.com\/assassinat-de-deux-scandinaves-au-maroc-peine-de-mort-requise-contre-3-accuses-2\/\">Cliquez ici pour lire l&rsquo;article depuis sa source.<\/a><\/p>\n","protected":false},"excerpt":{"rendered":"<p>Publi\u00e9 le 27.06.2019 \u00e0 18h50 par AFP L\u2019accusation a requis jeudi la peine capitale contre trois des 24 accus\u00e9s jug\u00e9s par un tribunal antiterroriste marocain pour l\u2019assassinat de deux jeunes touristes scandinaves d\u00e9capit\u00e9es mi-d\u00e9cembre au Maroc au nom du groupe jihadiste Etat islamique (EI). La peine de mort a \u00e9t\u00e9 requise contre Abdessamad Ejjoud, un [&hellip;]<\/p>\n","protected":false},"author":1965,"featured_media":0,"comment_status":"closed","ping_status":"closed","sticky":false,"template":"","format":"standard","meta":{"fifu_image_url":"","fifu_image_alt":"","footnotes":""},"categories":[73,82],"tags":[],"class_list":["post-43072","post","type-post","status-publish","format-standard","hentry","category-actualite","category-cameroun"],"_links":{"self":[{"href":"https:\/\/linitiative.ca\/International\/wp-json\/wp\/v2\/posts\/43072","targetHints":{"allow":["GET"]}}],"collection":[{"href":"https:\/\/linitiative.ca\/International\/wp-json\/wp\/v2\/posts"}],"about":[{"href":"https:\/\/linitiative.ca\/International\/wp-json\/wp\/v2\/types\/post"}],"author":[{"embeddable":true,"href":"https:\/\/linitiative.ca\/International\/wp-json\/wp\/v2\/users\/1965"}],"replies":[{"embeddable":true,"href":"https:\/\/linitiative.ca\/International\/wp-json\/wp\/v2\/comments?post=43072"}],"version-history":[{"count":0,"href":"https:\/\/linitiative.ca\/International\/wp-json\/wp\/v2\/posts\/43072\/revisions"}],"wp:attachment":[{"href":"https:\/\/linitiative.ca\/International\/wp-json\/wp\/v2\/media?parent=43072"}],"wp:term":[{"taxonomy":"category","embeddable":true,"href":"https:\/\/linitiative.ca\/International\/wp-json\/wp\/v2\/categories?post=43072"},{"taxonomy":"post_tag","embeddable":true,"href":"https:\/\/linitiative.ca\/International\/wp-json\/wp\/v2\/tags?post=43072"}],"curies":[{"name":"wp","href":"https:\/\/api.w.org\/{rel}","templated":true}]}}