{"id":43073,"date":"2019-06-27T13:50:22","date_gmt":"2019-06-27T17:50:22","guid":{"rendered":"https:\/\/linitiative.ca\/International\/afrique-du-sud-pourquoi-le-foot-echappe-aux-quotas-raciaux-du-rugby\/"},"modified":"2019-06-27T13:50:22","modified_gmt":"2019-06-27T17:50:22","slug":"afrique-du-sud-pourquoi-le-foot-echappe-aux-quotas-raciaux-du-rugby","status":"publish","type":"post","link":"https:\/\/linitiative.ca\/International\/afrique-du-sud-pourquoi-le-foot-echappe-aux-quotas-raciaux-du-rugby\/","title":{"rendered":"Afrique du Sud: pourquoi le foot \u00e9chappe aux quotas raciaux du rugby"},"content":{"rendered":"<div readability=\"32\">\n<p>Publi\u00e9 le 27.06.2019 \u00e0 18h50 par AFP<\/p>\n<\/div>\n<div readability=\"155\">\n<p>Depuis des ann\u00e9es, la question des quotas raciaux dans le rugby sud-africain, destin\u00e9s \u00e0 promouvoir la majorit\u00e9 noire victime de la politique de l\u2019apartheid, alimente r\u00e9guli\u00e8rement le d\u00e9bat. Elle ne se pose pourtant pas dans le football.<\/p>\n<p>Quand les Bafana Bafana ont jou\u00e9 cette semaine contre la C\u00f4te d\u2019Ivoire lors de la Coupe d\u2019Afrique des Nations en Egypte, ils ont align\u00e9 10 joueurs Noirs et un Blanc.<\/p>\n<p>Un choix de l\u2019entra\u00eeneur Stuart Baxter, un Blanc d\u2019origine anglaise, purement dict\u00e9 par des crit\u00e8res sportifs mais qui refl\u00e8te la composition d\u00e9mographique du pays o\u00f9 92% de la population est noire ou m\u00e9tiss\u00e9e.<\/p>\n<p>Chez les Springboks, c\u2019est une toute autre histoire. Le rugby a bien du mal \u00e0 se d\u00e9barrasser de son image de sport de Blancs.<\/p>\n<p>Pour changer la donne, des quotas ont \u00e9t\u00e9 impos\u00e9s. La moiti\u00e9 des joueurs s\u00e9lectionn\u00e9s pour le Mondial au Japon cette ann\u00e9e doivent \u00eatre de couleurs, selon l\u2019accord conclu entre la F\u00e9d\u00e9ration sud-africaine de rugby et le gouvernement.<\/p>\n<p>\u00ab\u00a0L\u2019insistance \u00e0 instaurer des quotas dans le rugby, mais pas dans le football, s\u2019explique par l\u2019interdiction faite aux Noirs de porter les couleurs nationales\u00a0\u00bb dans le rugby pendant le r\u00e9gime raciste de l\u2019apartheid, tomb\u00e9 en 1994, explique le journaliste sportif sud-africain Matshelane Mamabolo.<\/p>\n<p>\u00ab\u00a0Le football en Afrique du Sud n\u2019a pas les m\u00eames probl\u00e8mes raciaux (\u2026) car il est depuis longtemps ouvert \u00e0 toutes les races\u00a0\u00bb, ajoute-t-il \u00e0 l\u2019AFP.<\/p>\n<p>\u00ab\u00a0Contrairement au rugby, un sport qui fut la fiert\u00e9 du gouvernement de l\u2019apartheid et \u00e9tait g\u00e9n\u00e9ralement pratiqu\u00e9 par les Afrikaners (descendants des colons n\u00e9erlandais), le football a toujours \u00e9t\u00e9 inclusif\u00a0\u00bb, poursuit le journaliste.<\/p>\n<p>A l\u2019apog\u00e9e de l\u2019apartheid, il y avait bien quatre instances du football national: une pour les quatre races mises en place par le r\u00e9gime (Noirs, Blancs, \u00ab\u00a0Coloured\u00a0\u00bb et Indiens). Mais, d\u00e8s les ann\u00e9es 70, les footballeurs ont d\u00e9fi\u00e9 les lois raciales et commenc\u00e9 \u00e0 jouer ensemble en premi\u00e8re division.<\/p>\n<p>Les responsables sud-africains du football \u00e9taient eux moins progressistes, refusant d\u2019aligner des \u00e9quipes mixtes pour des comp\u00e9titions internationales.<\/p>\n<p>\u2013 Au banc de nations \u2013<\/p>\n<p>Les sanctions n\u2019ont pas tard\u00e9. La F\u00e9d\u00e9ration internationale du football (Fifa) a interdit, puis r\u00e9int\u00e9gr\u00e9, avant d\u2019exclure de nouveau l\u2019Afrique du Sud en 1976 \u00e0 la suite du soul\u00e8vement des \u00e9l\u00e8ves de Soweto, r\u00e9prim\u00e9 dans le sang.<\/p>\n<p>La fin du r\u00e9gime de l\u2019apartheid en ligne de mire, les instances sud-africaines du football ont senti le vent tourner.<\/p>\n<p>Elles ont cr\u00e9\u00e9 une entit\u00e9 multiraciale, l\u2019Association sud-africaine du football, en 1991, un an apr\u00e8s la lib\u00e9ration de Nelson Mandela, h\u00e9ros de la lutte contre l\u2019apartheid. Et l\u2019\u00e9quipe nationale a r\u00e9int\u00e9gr\u00e9 le concert des nations du ballon rond.<\/p>\n<p>Idem pour le rugby.<\/p>\n<p>Mais en 1992, l\u2019Afrique du Sud a pr\u00e9sent\u00e9 une \u00e9quipe de Springboks 100% blanche.<\/p>\n<p>Trois ans plus tard pour la Coupe du monde \u00e0 domicile, Nelson Mandela, premier pr\u00e9sident noir d\u2019Afrique du Sud, fait sensation en endossant le maillot des Springboks, symbole de la r\u00e9conciliation. Mais un seul Noir, l\u2019ailier Chester Williams, figurait dans l\u2019\u00e9quipe sacr\u00e9e championne du monde.<\/p>\n<p>Depuis, la transformation se fait toujours tr\u00e8s lentement. Au Mondial 2007, seuls deux joueurs noirs faisaient partie des Springboks.<\/p>\n<p>En 2018, leur s\u00e9lectionneur Rassie Erasmus a convoqu\u00e9 sept Noirs pour un test-match contre le pays de Galles mais ils \u00e9taient seulement trois \u00e0 jouer contre la Nouvelle-Z\u00e9lande.<\/p>\n<p>D\u00e9but 2018, il a cependant pris une d\u00e9cision audacieuse en nommant pour la premi\u00e8re fois un Noir, Siya Kolisi, capitaine du XV national. Un \u00e9v\u00e9nement.<\/p>\n<p>Le sujet des quotas reste toutefois ultrasensible. Les dix joueurs de football et de rugby contact\u00e9s par l\u2019AFP ont refus\u00e9 de s\u2019exprimer. \u00ab\u00a0Il s\u2019agit d\u2019un sujet d\u00e9licat et je ne veux pas me mettre en porte \u00e0 faux avec mon club\u00a0\u00bb, a expliqu\u00e9 l\u2019un d\u2019eux.<\/p>\n<p>L\u2019ancien d\u00e9fenseur sud-africain, blanc, Matthew Booth, lui ose. Il est d\u00e9sormais \u00e0 la retraite. \u00ab\u00a0Le football multiracial \u00e9tait une exp\u00e9rience formidable\u00a0\u00bb, t\u00e9moigne-t-il, \u00ab\u00a0\u00e7a m\u2019a ouvert l\u2019esprit de jouer avec des compatriotes d\u2019autres races.\u00a0\u00bb<\/p>\n<\/div>\n<p>Auteur: AFP<br \/>\n<a href=\"https:\/\/www.journalducameroun.com\/afrique-du-sud-pourquoi-le-foot-echappe-aux-quotas-raciaux-du-rugby\/\">Cliquez ici pour lire l&rsquo;article depuis sa source.<\/a><\/p>\n","protected":false},"excerpt":{"rendered":"<p>Publi\u00e9 le 27.06.2019 \u00e0 18h50 par AFP Depuis des ann\u00e9es, la question des quotas raciaux dans le rugby sud-africain, destin\u00e9s \u00e0 promouvoir la majorit\u00e9 noire victime de la politique de l\u2019apartheid, alimente r\u00e9guli\u00e8rement le d\u00e9bat. Elle ne se pose pourtant pas dans le football. Quand les Bafana Bafana ont jou\u00e9 cette semaine contre la C\u00f4te [&hellip;]<\/p>\n","protected":false},"author":1965,"featured_media":0,"comment_status":"closed","ping_status":"closed","sticky":false,"template":"","format":"standard","meta":{"fifu_image_url":"","fifu_image_alt":"","footnotes":""},"categories":[73,82],"tags":[],"class_list":["post-43073","post","type-post","status-publish","format-standard","hentry","category-actualite","category-cameroun"],"_links":{"self":[{"href":"https:\/\/linitiative.ca\/International\/wp-json\/wp\/v2\/posts\/43073","targetHints":{"allow":["GET"]}}],"collection":[{"href":"https:\/\/linitiative.ca\/International\/wp-json\/wp\/v2\/posts"}],"about":[{"href":"https:\/\/linitiative.ca\/International\/wp-json\/wp\/v2\/types\/post"}],"author":[{"embeddable":true,"href":"https:\/\/linitiative.ca\/International\/wp-json\/wp\/v2\/users\/1965"}],"replies":[{"embeddable":true,"href":"https:\/\/linitiative.ca\/International\/wp-json\/wp\/v2\/comments?post=43073"}],"version-history":[{"count":0,"href":"https:\/\/linitiative.ca\/International\/wp-json\/wp\/v2\/posts\/43073\/revisions"}],"wp:attachment":[{"href":"https:\/\/linitiative.ca\/International\/wp-json\/wp\/v2\/media?parent=43073"}],"wp:term":[{"taxonomy":"category","embeddable":true,"href":"https:\/\/linitiative.ca\/International\/wp-json\/wp\/v2\/categories?post=43073"},{"taxonomy":"post_tag","embeddable":true,"href":"https:\/\/linitiative.ca\/International\/wp-json\/wp\/v2\/tags?post=43073"}],"curies":[{"name":"wp","href":"https:\/\/api.w.org\/{rel}","templated":true}]}}