{"id":43074,"date":"2019-06-27T14:18:03","date_gmt":"2019-06-27T18:18:03","guid":{"rendered":"https:\/\/linitiative.ca\/International\/le-sg-de-la-ligue-arabe-informe-lenvoye-americain-au-soudan-des-efforts-deployes-pour-parvenir-au-consensus-national\/"},"modified":"2019-06-27T14:18:03","modified_gmt":"2019-06-27T18:18:03","slug":"le-sg-de-la-ligue-arabe-informe-lenvoye-americain-au-soudan-des-efforts-deployes-pour-parvenir-au-consensus-national","status":"publish","type":"post","link":"https:\/\/linitiative.ca\/International\/le-sg-de-la-ligue-arabe-informe-lenvoye-americain-au-soudan-des-efforts-deployes-pour-parvenir-au-consensus-national\/","title":{"rendered":"Le SG de la Ligue arabe informe l\u2019envoy\u00e9 am\u00e9ricain au Soudan des efforts d\u00e9ploy\u00e9s pour parvenir au consensus national"},"content":{"rendered":"<div readability=\"32\">\n<p>Publi\u00e9 le 27.06.2019 \u00e0 19h18 par APA News<\/p>\n<\/div>\n<div readability=\"60\">\n<p>Le secr\u00e9taire g\u00e9n\u00e9ral de la Ligue des Etats arabes, Ahmed Aboul Gheit a inform\u00e9 jeudi l\u2019envoy\u00e9 sp\u00e9cial am\u00e9ricain au Soudan des efforts que la Ligue entend d\u00e9ployer au cours de la prochaine phase afin de r\u00e9tablir les ponts de confiance entre les parties soudanaises, de rapprocher leurs points de vue et d\u2019\u00e9viter une escalade afin de r\u00e9aliser l\u2019objectif de parvenir au consensus national.Par Mohamed Fayad<\/p>\n<p>Lors de cette rencontre, qui intervient \u00e0 l\u2019occasion de la visite qu\u2019effectue le responsable am\u00e9ricain au Caire, Aboul-Gheit a inform\u00e9 l\u2019envoy\u00e9 am\u00e9ricain des r\u00e9sultats de sa visite \u00e0 Khartoum le 16 juin et au cours de laquelle il a rencontr\u00e9 le pr\u00e9sident du Conseil militaire de transition et les dirigeants des forces et mouvements politiques et civils afin d\u2019encourager les parties soudanaises \u00e0 reprendre le dialogue et \u00e0 retourner \u00e0 la table des n\u00e9gociations, a indiqu\u00e9 le porte-parole du Secr\u00e9taire g\u00e9n\u00e9ral de la Ligue, Mahmoud Afifi.<\/p>\n<p>Ceci permettra d\u2019\u00e9tablir les arrangements consensuels n\u00e9cessaires pour mener \u00e0 bien le processus de transfert pacifique du pouvoir, qui doit \u00eatre mis en oeuvre dans un contexte purement national, tout en respectant la souverainet\u00e9 du Soudan et en r\u00e9pondant aux aspirations de la population.<\/p>\n<p>Le porte-parole du Secr\u00e9taire g\u00e9n\u00e9ral de la Ligue, Mahmoud Afifi a d\u00e9clar\u00e9 que l\u2019envoy\u00e9 am\u00e9ricain, qui vient d\u2019achever sa deuxi\u00e8me visite \u00e0 Khartoum, a exprim\u00e9 sa volont\u00e9 de se concerter avec la Ligue arabe concernant la situation actuelle au Soudan en vue de soutenir ce pays et son peuple pendant cette phase d\u00e9licate et aider les Soudanais \u00e0 parvenir \u00e0 une solution nationale et consensuelle visant \u00e0 mener \u00e0 bien la transition pacifique du pouvoir dans le pays.<\/p>\n<\/div>\n<p>Auteur: APA News<br \/>\n<a href=\"https:\/\/www.journalducameroun.com\/le-sg-de-la-ligue-arabe-informe-lenvoye-americain-au-soudan-des-efforts-deployes-pour-parvenir-au-consensus-national\/\">Cliquez ici pour lire l&rsquo;article depuis sa source.<\/a><\/p>\n","protected":false},"excerpt":{"rendered":"<p>Publi\u00e9 le 27.06.2019 \u00e0 19h18 par APA News Le secr\u00e9taire g\u00e9n\u00e9ral de la Ligue des Etats arabes, Ahmed Aboul Gheit a inform\u00e9 jeudi l\u2019envoy\u00e9 sp\u00e9cial am\u00e9ricain au Soudan des efforts que la Ligue entend d\u00e9ployer au cours de la prochaine phase afin de r\u00e9tablir les ponts de confiance entre les parties soudanaises, de rapprocher leurs [&hellip;]<\/p>\n","protected":false},"author":1965,"featured_media":0,"comment_status":"closed","ping_status":"closed","sticky":false,"template":"","format":"standard","meta":{"fifu_image_url":"","fifu_image_alt":"","footnotes":""},"categories":[73,82],"tags":[],"class_list":["post-43074","post","type-post","status-publish","format-standard","hentry","category-actualite","category-cameroun"],"_links":{"self":[{"href":"https:\/\/linitiative.ca\/International\/wp-json\/wp\/v2\/posts\/43074","targetHints":{"allow":["GET"]}}],"collection":[{"href":"https:\/\/linitiative.ca\/International\/wp-json\/wp\/v2\/posts"}],"about":[{"href":"https:\/\/linitiative.ca\/International\/wp-json\/wp\/v2\/types\/post"}],"author":[{"embeddable":true,"href":"https:\/\/linitiative.ca\/International\/wp-json\/wp\/v2\/users\/1965"}],"replies":[{"embeddable":true,"href":"https:\/\/linitiative.ca\/International\/wp-json\/wp\/v2\/comments?post=43074"}],"version-history":[{"count":0,"href":"https:\/\/linitiative.ca\/International\/wp-json\/wp\/v2\/posts\/43074\/revisions"}],"wp:attachment":[{"href":"https:\/\/linitiative.ca\/International\/wp-json\/wp\/v2\/media?parent=43074"}],"wp:term":[{"taxonomy":"category","embeddable":true,"href":"https:\/\/linitiative.ca\/International\/wp-json\/wp\/v2\/categories?post=43074"},{"taxonomy":"post_tag","embeddable":true,"href":"https:\/\/linitiative.ca\/International\/wp-json\/wp\/v2\/tags?post=43074"}],"curies":[{"name":"wp","href":"https:\/\/api.w.org\/{rel}","templated":true}]}}