{"id":43076,"date":"2019-06-27T16:18:04","date_gmt":"2019-06-27T20:18:04","guid":{"rendered":"https:\/\/linitiative.ca\/International\/can-2019-battus-par-lalgerie-1-0-les-lions-perdent-le-choc-de-la-poule-c\/"},"modified":"2019-06-27T16:18:04","modified_gmt":"2019-06-27T20:18:04","slug":"can-2019-battus-par-lalgerie-1-0-les-lions-perdent-le-choc-de-la-poule-c","status":"publish","type":"post","link":"https:\/\/linitiative.ca\/International\/can-2019-battus-par-lalgerie-1-0-les-lions-perdent-le-choc-de-la-poule-c\/","title":{"rendered":"CAN 2019 : battus par l\u2019Alg\u00e9rie 1-0, les Lions perdent le choc de la poule C"},"content":{"rendered":"<div readability=\"32\">\n<p>Publi\u00e9 le 27.06.2019 \u00e0 21h18 par APA News<\/p>\n<\/div>\n<div readability=\"57\">\n<p>Les Lions du S\u00e9n\u00e9gal ont \u00e9t\u00e9 battus jeudi soir 1-0 par l\u2019Alg\u00e9rie et c\u00e8dent du coup la premi\u00e8re place de la poule C aux Fennecs, d\u2019ores et d\u00e9j\u00e0 qualifi\u00e9s en huiti\u00e8me de finale de la CAN avant leur troisi\u00e8me et dernier match pr\u00e9vu lundi.Le but alg\u00e9rien a \u00e9t\u00e9 inscrit en deuxi\u00e8me p\u00e9riode (49e) par Mohamed Youcef Belali, marquant d\u2019un plat du pied du gauche sur une passe de Feghouli.<\/p>\n<p>Les deux s\u00e9lections jouaient leur deuxi\u00e8me match dans la poule C. Et avec cette victoire l\u2019Alg\u00e9rie totalise six points, suffisant pour se retrouver en huiti\u00e8me avant de rencontrer lundi (19h) la Tanzanie \u00e0 la m\u00eame heure du match du S\u00e9n\u00e9gal contre le Kenya.<\/p>\n<p>Les prot\u00e9g\u00e9s d\u2019Aliou Ciss\u00e9, priv\u00e9s contre l\u2019Alg\u00e9rie de trois titulaires : Ismaila Sarr, Gana Gu\u00e8ye et Salif San\u00e9 bless\u00e9s, se retrouvent ainsi sous pression.<\/p>\n<p>Pour cette rencontre, ils n\u2019ont pas eu la m\u00eame facilit\u00e9 que contre la Tanzanie.<\/p>\n<p>Les Lions ont \u00e9t\u00e9 domin\u00e9s tactiquement par les Fennecs alg\u00e9riens, emmen\u00e9s par le s\u00e9lectionneur Jamel Belmadi qui a contenu le bloc s\u00e9n\u00e9galais avec ses stars, tels que Sadio Man\u00e9 qui a livr\u00e9 son premier match dans cette CAN apr\u00e8s sa suspension contre la Tanzanie.<\/p>\n<\/div>\n<p>Auteur: APA News<br \/>\n<a href=\"https:\/\/www.journalducameroun.com\/can-2019-battus-par-lalgerie-1-0-les-lions-perdent-le-choc-de-la-poule-c\/\">Cliquez ici pour lire l&rsquo;article depuis sa source.<\/a><\/p>\n","protected":false},"excerpt":{"rendered":"<p>Publi\u00e9 le 27.06.2019 \u00e0 21h18 par APA News Les Lions du S\u00e9n\u00e9gal ont \u00e9t\u00e9 battus jeudi soir 1-0 par l\u2019Alg\u00e9rie et c\u00e8dent du coup la premi\u00e8re place de la poule C aux Fennecs, d\u2019ores et d\u00e9j\u00e0 qualifi\u00e9s en huiti\u00e8me de finale de la CAN avant leur troisi\u00e8me et dernier match pr\u00e9vu lundi.Le but alg\u00e9rien a [&hellip;]<\/p>\n","protected":false},"author":1965,"featured_media":0,"comment_status":"closed","ping_status":"closed","sticky":false,"template":"","format":"standard","meta":{"fifu_image_url":"","fifu_image_alt":"","footnotes":""},"categories":[73,82],"tags":[],"class_list":["post-43076","post","type-post","status-publish","format-standard","hentry","category-actualite","category-cameroun"],"_links":{"self":[{"href":"https:\/\/linitiative.ca\/International\/wp-json\/wp\/v2\/posts\/43076","targetHints":{"allow":["GET"]}}],"collection":[{"href":"https:\/\/linitiative.ca\/International\/wp-json\/wp\/v2\/posts"}],"about":[{"href":"https:\/\/linitiative.ca\/International\/wp-json\/wp\/v2\/types\/post"}],"author":[{"embeddable":true,"href":"https:\/\/linitiative.ca\/International\/wp-json\/wp\/v2\/users\/1965"}],"replies":[{"embeddable":true,"href":"https:\/\/linitiative.ca\/International\/wp-json\/wp\/v2\/comments?post=43076"}],"version-history":[{"count":0,"href":"https:\/\/linitiative.ca\/International\/wp-json\/wp\/v2\/posts\/43076\/revisions"}],"wp:attachment":[{"href":"https:\/\/linitiative.ca\/International\/wp-json\/wp\/v2\/media?parent=43076"}],"wp:term":[{"taxonomy":"category","embeddable":true,"href":"https:\/\/linitiative.ca\/International\/wp-json\/wp\/v2\/categories?post=43076"},{"taxonomy":"post_tag","embeddable":true,"href":"https:\/\/linitiative.ca\/International\/wp-json\/wp\/v2\/tags?post=43076"}],"curies":[{"name":"wp","href":"https:\/\/api.w.org\/{rel}","templated":true}]}}