{"id":43078,"date":"2019-06-27T17:50:01","date_gmt":"2019-06-27T21:50:01","guid":{"rendered":"https:\/\/linitiative.ca\/International\/un-g20-potentiellement-explosif-a-osaka-suspendu-au-duel-chine-etats-unis\/"},"modified":"2019-06-27T17:50:01","modified_gmt":"2019-06-27T21:50:01","slug":"un-g20-potentiellement-explosif-a-osaka-suspendu-au-duel-chine-etats-unis","status":"publish","type":"post","link":"https:\/\/linitiative.ca\/International\/un-g20-potentiellement-explosif-a-osaka-suspendu-au-duel-chine-etats-unis\/","title":{"rendered":"Un G20 potentiellement explosif \u00e0 Osaka, suspendu au duel Chine-\u00c9tats-Unis"},"content":{"rendered":"<div readability=\"32\">\n<p>Publi\u00e9 le 27.06.2019 \u00e0 22h50 par AFP<\/p>\n<\/div>\n<div readability=\"139\">\n<p>Rarement un G20 s\u2019est-il annonc\u00e9 si potentiellement explosif: r\u00e9pit ou rupture, c\u2019est \u00e0 Osaka que se nouera peut-\u00eatre l\u2019avenir de la relation Chine et \u00c9tats-Unis, sur fond de nombreuses fractures internationales, allant du climat \u00e0 l\u2019Iran.<\/p>\n<p>Les dirigeants des 20 plus grandes puissances se r\u00e9unissent vendredi et samedi dans cette grande cit\u00e9 portuaire de l\u2019ouest du Japon.<\/p>\n<p>Avant l\u2019entrevue qui sera tr\u00e8s scrut\u00e9e entre Donald Trump et Xi Jinping, pr\u00e9vue samedi, le pr\u00e9sident am\u00e9ricain a donn\u00e9 le ton, critiquant vivement, et pour diverses raisons, l\u2019Inde, l\u2019Allemagne, et m\u00eame le pays h\u00f4te du G20, sans oublier la Chine.<\/p>\n<p>Saura-t-il adoucir sa rh\u00e9torique et ses positions tranch\u00e9es pour parvenir \u00e0 s\u2019entendre avec son rival chinois?<\/p>\n<p>\u2013 Huawei dans la balance? \u2013<\/p>\n<p>L\u2019analyste Ebrahim Rahbari de CitiFX \u00e9value \u00e0 60% la probabilit\u00e9 d\u2019un \u00ab\u00a0accord de reprise des n\u00e9gociations, avec pour but ultime un accord complet, mais avec peu d\u2019effet dans l\u2019imm\u00e9diat si ce n\u2019est de repousser la menace de taxes douani\u00e8res suppl\u00e9mentaires sur les importations chinoises\u00a0\u00bb.<\/p>\n<p>Ce serait d\u00e9j\u00e0 un soulagement pour ceux qui redoutent l\u2019impact de cette guerre commerciale sur la conjoncture mondiale.<\/p>\n<p>Mais ce n\u2019est pas gagn\u00e9, si l\u2019on en croit un article du Wall Street Journal affirmant que la Chine comptait poser ses conditions, parmi lesquelles la lev\u00e9e des sanctions am\u00e9ricaines contre son fleuron technologique Huawei. Ce que Larry Kudlow, conseiller \u00e9conomique de Donald Trump, a toutefois fermement d\u00e9menti.<\/p>\n<p>Le duel sino-am\u00e9ricain risque en tout cas d\u2019\u00e9clipser les autres discussions pr\u00e9vues au G20, sur des th\u00e8mes tr\u00e8s vari\u00e9s allant de la participation des femmes \u00e0 la vie \u00e9conomique jusqu\u2019\u00e0 l\u2019intelligence artificielle. Ce qui agace le pr\u00e9sident fran\u00e7ais Emmanuel Macron, arriv\u00e9 d\u00e8s mercredi au Japon.<\/p>\n<p>\u00ab\u00a0On est captur\u00e9 par une tension qui doit \u00eatre un accord entre les \u00c9tats-Unis et la Chine. C\u2019est une mauvaise m\u00e9thode. Le commerce n\u2019est pas un jeu\u00a0\u00bb, a-t-il insist\u00e9 jeudi, esp\u00e9rant une \u00ab\u00a0parole forte\u00a0\u00bb du G20 sur le multilat\u00e9ralisme.<\/p>\n<p>Une source gouvernementale japonaise a reconnu \u00ab\u00a0des difficult\u00e9s pour faire converger ces diff\u00e9rences d\u2019opinion\u00a0\u00bb non seulement sur le commerce, mais aussi sur le climat. Donald Trump, qui a d\u00e9cid\u00e9 de se retirer de l\u2019accord de Paris de 2015, bouscule r\u00e9guli\u00e8rement ses partenaires \u00e0 ce sujet.<\/p>\n<p>\u2013 La sant\u00e9 de Merkel \u2013<\/p>\n<p>Les regards se tourneront aussi vendredi vers Angela Merkel, dont l\u2019avion doit atterrir en tout d\u00e9but de matin\u00e9e, heure locale, \u00e0 Osaka.<\/p>\n<p>La chanceli\u00e8re allemande de 64 ans a \u00e9t\u00e9 prise d\u2019une crise de tremblements en public pour la deuxi\u00e8me fois en moins de 10 jours.<\/p>\n<p>\u00ab\u00a0Il n\u2019y a pas d\u2019annulations de rendez-vous pour aujourd\u2019hui et demain, la chanceli\u00e8re va bien, elle se rend comme pr\u00e9vu en avion \u00e0 Osaka\u00a0\u00bb, a dit dans la foul\u00e9e la chancellerie. Sans vraiment parvenir \u00e0 dissiper les inqui\u00e9tudes sur la sant\u00e9 de celle qui semblait jusqu\u2019ici une dirigeante infatigable, m\u00eame et surtout lors d\u2019\u00e9prouvantes discussions internationales.<\/p>\n<p>Le chef d\u2019\u00c9tat russe Vladimir Poutine doit, lui, arriver peu apr\u00e8s, avec au programme de sa journ\u00e9e un entretien avec Donald Trump et d\u2019in\u00e9vitables discussions sur l\u2019Iran, en pleine escalade des tensions dans la r\u00e9gion.<\/p>\n<p>Le pr\u00e9sident russe cherchera probablement \u00e0 raisonner Donald Trump, lequel \u00e9voque d\u00e9sormais une guerre qui \u00ab\u00a0ne durerait pas longtemps\u00a0\u00bb contre T\u00e9h\u00e9ran, accus\u00e9 de course \u00e0 l\u2019arme nucl\u00e9aire.<\/p>\n<p>La France a aussi promis de faire \u00ab\u00a0le maximum\u00a0\u00bb sur ce dossier.<\/p>\n<p>\u00ab\u00a0Il n\u2019y a pas de guerre courte. Quand il y a un d\u00e9but de guerre, on sait quand elle commence, on sait rarement quand \u00e7a finit\u00a0\u00bb, a ainsi l\u00e2ch\u00e9 Emmanuel Macron devant la presse.<\/p>\n<\/div>\n<p>Auteur: AFP<br \/>\n<a href=\"https:\/\/www.journalducameroun.com\/un-g20-potentiellement-explosif-a-osaka-suspendu-au-duel-chine-etats-unis\/\">Cliquez ici pour lire l&rsquo;article depuis sa source.<\/a><\/p>\n","protected":false},"excerpt":{"rendered":"<p>Publi\u00e9 le 27.06.2019 \u00e0 22h50 par AFP Rarement un G20 s\u2019est-il annonc\u00e9 si potentiellement explosif: r\u00e9pit ou rupture, c\u2019est \u00e0 Osaka que se nouera peut-\u00eatre l\u2019avenir de la relation Chine et \u00c9tats-Unis, sur fond de nombreuses fractures internationales, allant du climat \u00e0 l\u2019Iran. Les dirigeants des 20 plus grandes puissances se r\u00e9unissent vendredi et samedi [&hellip;]<\/p>\n","protected":false},"author":1965,"featured_media":0,"comment_status":"closed","ping_status":"closed","sticky":false,"template":"","format":"standard","meta":{"fifu_image_url":"","fifu_image_alt":"","footnotes":""},"categories":[73,82],"tags":[],"class_list":["post-43078","post","type-post","status-publish","format-standard","hentry","category-actualite","category-cameroun"],"_links":{"self":[{"href":"https:\/\/linitiative.ca\/International\/wp-json\/wp\/v2\/posts\/43078","targetHints":{"allow":["GET"]}}],"collection":[{"href":"https:\/\/linitiative.ca\/International\/wp-json\/wp\/v2\/posts"}],"about":[{"href":"https:\/\/linitiative.ca\/International\/wp-json\/wp\/v2\/types\/post"}],"author":[{"embeddable":true,"href":"https:\/\/linitiative.ca\/International\/wp-json\/wp\/v2\/users\/1965"}],"replies":[{"embeddable":true,"href":"https:\/\/linitiative.ca\/International\/wp-json\/wp\/v2\/comments?post=43078"}],"version-history":[{"count":0,"href":"https:\/\/linitiative.ca\/International\/wp-json\/wp\/v2\/posts\/43078\/revisions"}],"wp:attachment":[{"href":"https:\/\/linitiative.ca\/International\/wp-json\/wp\/v2\/media?parent=43078"}],"wp:term":[{"taxonomy":"category","embeddable":true,"href":"https:\/\/linitiative.ca\/International\/wp-json\/wp\/v2\/categories?post=43078"},{"taxonomy":"post_tag","embeddable":true,"href":"https:\/\/linitiative.ca\/International\/wp-json\/wp\/v2\/tags?post=43078"}],"curies":[{"name":"wp","href":"https:\/\/api.w.org\/{rel}","templated":true}]}}