{"id":43079,"date":"2019-06-27T17:50:04","date_gmt":"2019-06-27T21:50:04","guid":{"rendered":"https:\/\/linitiative.ca\/International\/au-honduras-la-pire-crise-politique-depuis-le-coup-detat-de-2009\/"},"modified":"2019-06-27T17:50:04","modified_gmt":"2019-06-27T21:50:04","slug":"au-honduras-la-pire-crise-politique-depuis-le-coup-detat-de-2009","status":"publish","type":"post","link":"https:\/\/linitiative.ca\/International\/au-honduras-la-pire-crise-politique-depuis-le-coup-detat-de-2009\/","title":{"rendered":"Au Honduras, la pire crise politique depuis le coup d\u2019Etat de 2009"},"content":{"rendered":"<p>Saign\u00e9 par une \u00e9migration massive, min\u00e9 par la corruption et secou\u00e9 par de violentes manifestations r\u00e9clamant la d\u00e9mission du chef de l\u2019Etat Juan Orlando Hernandez, le Honduras s\u2019enfonce dans la crise, dix ans apr\u00e8s le coup d\u2019Etat contre le pr\u00e9sident de gauche Manuel Zelaya.<\/p>\n<p>Blocages de rues dans la capitale et plusieurs grandes villes, manifestants par milliers pour r\u00e9clamer \u00ab\u00a0la destitution imm\u00e9diate\u00a0\u00bb du pr\u00e9sident de droite : le petit pays d\u2019Am\u00e9rique centrale (9 millions d\u2019habitants) conna\u00eet depuis un mois une vague de protestations contre le gouvernement de Juan Orlando Hernandez, au pouvoir depuis 2014.<\/p>\n<p>M\u00e9decins et enseignants, soutenus par les \u00e9tudiants et de nombreux habitants, sont \u00e0 l\u2019origine de cette mobilisation contre deux d\u00e9crets gouvernementaux qui, selon eux, privatisent la sant\u00e9 et l\u2019\u00e9ducation.<\/p>\n<p>L\u2019arrestation en novembre de Tony Hernandez, le fr\u00e8re du pr\u00e9sident, aux Etats-Unis o\u00f9 il doit \u00eatre jug\u00e9 pour trafic de drogue, a \u00e9galement cristallis\u00e9 le m\u00e9contentement de la population.<\/p>\n<p>Lundi, la tension est encore mont\u00e9e d\u2019un cran lorsque la police militaire a tir\u00e9 sur une manifestation d\u2019\u00e9tudiants \u00e0 Tegucigalpa, blessant au moins quatre personnes, alors que la r\u00e9pression polici\u00e8re a d\u00e9j\u00e0 fait trois morts et des dizaines de bless\u00e9s.<\/p>\n<p>D\u2019autres manifestations, \u00e0 l\u2019appel de l\u2019opposition, sont pr\u00e9vues vendredi \u00e0 l\u2019occasion du dixi\u00e8me anniversaire du coup d\u2019Etat militaire contre le pr\u00e9sident Zelaya, aujourd\u2019hui \u00e0 la t\u00eate du parti Libert\u00e9 et Refondation (gauche).<\/p>\n<p>\u2013 \u00ab\u00a0JOH dehors !\u00a0\u00bb \u2013<\/p>\n<p>Le 28 juin 2009, apr\u00e8s trois ans au pouvoir, Manuel Zelaya \u00e9tait arr\u00eat\u00e9 chez lui et expuls\u00e9 vers le Costa Rica, accus\u00e9 de vouloir instaurer au Honduras le \u00ab\u00a0socialisme du XXIe si\u00e8cle\u00a0\u00bb, promu \u00e0 l\u2019\u00e9poque par le V\u00e9n\u00e9zu\u00e9lien Hugo Chavez (1999-2013), avec lequel le chef de l\u2019Etat avait op\u00e9r\u00e9 un rapprochement in\u00e9dit.<\/p>\n<p>Quelques mois plus tard, le candidat du Parti national (PN, droite), Porfirio Lobo, est \u00e9lu \u00e0 la pr\u00e9sidence. Lui aussi du PN, Juan Orlando Hernandez lui succ\u00e8de en 2013, puis devient le premier pr\u00e9sident r\u00e9\u00e9lu pour un second mandat de quatre ans, apr\u00e8s une r\u00e9forme constitutionnelle.<\/p>\n<p>Dix ans apr\u00e8s le coup d\u2019Etat, Porfirio Lobo lui-m\u00eame estime que le pays traverse une crise pire qu\u2019en 2009, avec un pr\u00e9sident \u00ab\u00a0honni\u00a0\u00bb par la population et auquel il recommande de d\u00e9missionner.<\/p>\n<p>\u00ab\u00a0JOH dehors!\u00a0\u00bb est devenu le mot d\u2019ordre des manifestants, en r\u00e9f\u00e9rence aux initiales du chef de l\u2019Etat. Un slogan surgi au sein de l\u2019opposition de gauche qui n\u2019a cess\u00e9 d\u2019accuser le pr\u00e9sident de fraudes \u00e9lectorales.<\/p>\n<p>Pour l\u2019ex-pr\u00e9sident Lobo, le gouvernement n\u2019a pas \u00e9t\u00e9 en mesure de s\u2019attaquer aux probl\u00e8mes \u00e9conomiques et au ch\u00f4mage qui poussent chaque ann\u00e9e des dizaines de milliers de Honduriens \u00e0 \u00e9migrer vers les Etats-Unis, parfois dans de spectaculaires \u00ab\u00a0caravanes\u00a0\u00bb cheminant \u00e0 pied.<\/p>\n<p>Mardi, le pr\u00e9sident Hernandez a exclu de d\u00e9missionner. \u00ab\u00a0Je vais faire (mon travail) jusqu\u2019au dernier jour de mon mandat\u00a0\u00bb en janvier 2022, a-t-il d\u00e9clar\u00e9 \u00e0 la t\u00e9l\u00e9vision.<\/p>\n<p>\u2013 Pourrissement \u2013<\/p>\n<p>De son c\u00f4t\u00e9, Manuel Zelaya consid\u00e8re que la situation n\u2019a cess\u00e9 de se d\u00e9t\u00e9riorer depuis 2009 : \u00ab\u00a0Dix ans apr\u00e8s, le peuple est dans la rue, les entreprises de transport sont en gr\u00e8ve, il y a des soul\u00e8vements au sein m\u00eame de la police\u00a0\u00bb, d\u00e9nonce-t-il.<\/p>\n<p>A deux reprises, les forces sp\u00e9ciales ont fait gr\u00e8ve pour protester contre leurs journ\u00e9es de travail ext\u00e9nuantes depuis le d\u00e9but des manifestations antigouvernementales.<\/p>\n<p>\u00ab\u00a0Le peuple est dans la rue (pour r\u00e9clamer) une baisse des prix de l\u2019\u00e9lectricit\u00e9, de l\u2019eau, de l\u2019essence\u00a0\u00bb, constate l\u2019ex-pr\u00e9sident.<\/p>\n<p>R\u00e9cemment, l\u2019Eglise catholique, tr\u00e8s influente dans le pays, s\u2019est prononc\u00e9e contre le gouvernement. \u00ab\u00a0Dans certains cas, (ils) sont la cause du probl\u00e8me\u00a0\u00bb, a d\u00e9clar\u00e9 la Conf\u00e9rence \u00e9piscopale, d\u00e9non\u00e7ant une gestion des probl\u00e8mes par le pourrissement \u00ab\u00a0qui ne fait qu\u2019aiguiser les conflits\u00a0\u00bb.<\/p>\n<p>Victor Meza, directeur de l\u2019ONG Centre de documentation du Honduras, juge une telle prise de position encore impensable il y a quelques mois.<\/p>\n<p>Selon lui, \u00ab\u00a0Hernandez est de plus en plus affaibli au sein de son propre parti et plus il s\u2019affaiblit, plus sa d\u00e9pendance \u00e0 l\u2019\u00e9gard de ses soutiens, les Etats-Unis et les forces arm\u00e9es, est grande\u00a0\u00bb.<\/p>\n<p>Le 20 juin, M. Hernandez a rencontr\u00e9 \u00e0 Washington le vice-pr\u00e9sident am\u00e9ricain Mike Pence, une r\u00e9union destin\u00e9e \u00e0 \u00ab\u00a0renforcer la relation \u00e9troite\u00a0\u00bb entre les deux pays, selon la Maison Blanche.<\/p>\n<p>Auteur: AFP<br \/>\n<a href=\"https:\/\/www.journalducameroun.com\/au-honduras-la-pire-crise-politique-depuis-le-coup-detat-de-2009\/\">Cliquez ici pour lire l&rsquo;article depuis sa source.<\/a><\/p>\n","protected":false},"excerpt":{"rendered":"<p>Saign\u00e9 par une \u00e9migration massive, min\u00e9 par la corruption et secou\u00e9 par de violentes manifestations r\u00e9clamant la d\u00e9mission du chef de l\u2019Etat Juan Orlando Hernandez, le Honduras s\u2019enfonce dans la crise, dix ans apr\u00e8s le coup d\u2019Etat contre le pr\u00e9sident de gauche Manuel Zelaya. Blocages de rues dans la capitale et plusieurs grandes villes, manifestants [&hellip;]<\/p>\n","protected":false},"author":1965,"featured_media":0,"comment_status":"closed","ping_status":"closed","sticky":false,"template":"","format":"standard","meta":{"fifu_image_url":"","fifu_image_alt":"","footnotes":""},"categories":[73,82],"tags":[],"class_list":["post-43079","post","type-post","status-publish","format-standard","hentry","category-actualite","category-cameroun"],"_links":{"self":[{"href":"https:\/\/linitiative.ca\/International\/wp-json\/wp\/v2\/posts\/43079","targetHints":{"allow":["GET"]}}],"collection":[{"href":"https:\/\/linitiative.ca\/International\/wp-json\/wp\/v2\/posts"}],"about":[{"href":"https:\/\/linitiative.ca\/International\/wp-json\/wp\/v2\/types\/post"}],"author":[{"embeddable":true,"href":"https:\/\/linitiative.ca\/International\/wp-json\/wp\/v2\/users\/1965"}],"replies":[{"embeddable":true,"href":"https:\/\/linitiative.ca\/International\/wp-json\/wp\/v2\/comments?post=43079"}],"version-history":[{"count":0,"href":"https:\/\/linitiative.ca\/International\/wp-json\/wp\/v2\/posts\/43079\/revisions"}],"wp:attachment":[{"href":"https:\/\/linitiative.ca\/International\/wp-json\/wp\/v2\/media?parent=43079"}],"wp:term":[{"taxonomy":"category","embeddable":true,"href":"https:\/\/linitiative.ca\/International\/wp-json\/wp\/v2\/categories?post=43079"},{"taxonomy":"post_tag","embeddable":true,"href":"https:\/\/linitiative.ca\/International\/wp-json\/wp\/v2\/tags?post=43079"}],"curies":[{"name":"wp","href":"https:\/\/api.w.org\/{rel}","templated":true}]}}