{"id":43103,"date":"2019-06-27T04:19:12","date_gmt":"2019-06-27T08:19:12","guid":{"rendered":"https:\/\/linitiative.ca\/International\/agro-industrie-risque-sur-les-capacites-de-transformation-de-la-sodecoton\/"},"modified":"2019-06-27T04:19:12","modified_gmt":"2019-06-27T08:19:12","slug":"agro-industrie-risque-sur-les-capacites-de-transformation-de-la-sodecoton","status":"publish","type":"post","link":"https:\/\/linitiative.ca\/International\/agro-industrie-risque-sur-les-capacites-de-transformation-de-la-sodecoton\/","title":{"rendered":"Agro-industrie : risque sur les capacit\u00e9s de transformation de la Sodecoton"},"content":{"rendered":"<div class=\"featured-area featured-area-inner\"><img loading=\"lazy\" decoding=\"async\" width=\"612\" height=\"306\" src=\"https:\/\/i0.wp.com\/ecomatin.net\/wp-content\/uploads\/2019\/06\/ecomatin.net-agro-industrie-risque-sur-les-capacites-de-transformation-de-la-sodecoton-sodecoton.jpg?resize=612%2C306&#038;ssl=1&#038;is-pending-load=1\" class=\"attachment-jannah-image-post size-jannah-image-post wp-post-image jetpack-lazy-image\" alt=\"\" data-attachment-id=\"9366\" data-permalink=\"https:\/\/ecomatin.net\/agro-industrie-risque-sur-les-capacites-de-transformation-de-la-sodecoton\/sodecoton-3\/\" data-orig-file=\"https:\/\/i0.wp.com\/ecomatin.net\/wp-content\/uploads\/2019\/06\/ecomatin.net-agro-industrie-risque-sur-les-capacites-de-transformation-de-la-sodecoton-sodecoton.jpg?fit=612%2C306&#038;ssl=1\" data-orig-size=\"612,306\" data-comments-opened=\"0\" data-image-meta=\"{\"aperture\":\"0\",\"credit\":\"\",\"camera\":\"\",\"caption\":\"\",\"created_timestamp\":\"0\",\"copyright\":\"\",\"focal_length\":\"0\",\"iso\":\"0\",\"shutter_speed\":\"0\",\"title\":\"\",\"orientation\":\"0\"}\" data-image-title=\"Sodecoton\" data-image-description=\"\" data-medium-file=\"https:\/\/i0.wp.com\/ecomatin.net\/wp-content\/uploads\/2019\/06\/ecomatin.net-agro-industrie-risque-sur-les-capacites-de-transformation-de-la-sodecoton-sodecoton.jpg?fit=300%2C150&#038;ssl=1\" data-large-file=\"https:\/\/i0.wp.com\/ecomatin.net\/wp-content\/uploads\/2019\/06\/ecomatin.net-agro-industrie-risque-sur-les-capacites-de-transformation-de-la-sodecoton-sodecoton.jpg?fit=612%2C306&#038;ssl=1\" data-lazy-srcset=\"https:\/\/i0.wp.com\/ecomatin.net\/wp-content\/uploads\/2019\/06\/ecomatin.net-agro-industrie-risque-sur-les-capacites-de-transformation-de-la-sodecoton-sodecoton.jpg?w=612&#038;ssl=1 612w, https:\/\/i0.wp.com\/ecomatin.net\/wp-content\/uploads\/2019\/06\/ecomatin.net-agro-industrie-risque-sur-les-capacites-de-transformation-de-la-sodecoton-sodecoton.jpg?resize=300%2C150&#038;ssl=1 300w\" data-lazy-sizes=\"(max-width: 612px) 100vw, 612px\" srcset=\"data:image\/gif;base64,R0lGODlhAQABAIAAAAAAAP\/\/\/yH5BAEAAAAALAAAAAABAAEAAAIBRAA7\"\/><\/div>\n<div class=\"entry-content entry clearfix\" readability=\"64\">\n<p><strong>Gabriel Mbairobe<\/strong>, ministre de l\u2019Agriculture et du D\u00e9veloppement rural (Minader), a relev\u00e9 dans une interview accord\u00e9e \u00e0 la presse publique ce 25 juin 2019 qu\u2019aujourd\u2019hui, la <strong>Sodecoton<\/strong> a une capacit\u00e9 industrielle \u00e9valu\u00e9e \u00e0 <strong>285\u2009000 tonnes<\/strong> de capacit\u00e9 d\u2019\u00e9grainage de coton-graines et 140\u2009000 tonnes de trituration. Du coup, \u00ab\u2009<em>cette ann\u00e9e, sur les <strong>320\u2009000<\/strong> tonnes de coton produites, il y a pr\u00e8s de <strong>30<\/strong> \u00e0 <strong>40\u2009000<\/strong> tonnes qui risquent ne pas \u00eatre tritur\u00e9es<\/em>\u2009\u00bb, affirme le membre du gouvernement.<\/p>\n<p><strong>\u00a0<\/strong>Le Minader assure que, si la tendance se maintient, l\u2019ann\u00e9e prochaine on sera peut-\u00eatre \u00e0 un volume cumul\u00e9 de <strong>370\u2009000 tonnes<\/strong> de coton-graines non tritur\u00e9es. \u00ab<em>\u2009Cela n\u00e9cessite de r\u00e9pondre \u00e0 cette augmentation de production par une am\u00e9lioration cons\u00e9quente de la capacit\u00e9 de traitement des produits issus de la r\u00e9colte. Pour cela, il est pr\u00e9vu la mise en route d\u2019une nouvelle usine d\u2019\u00e9grainage en <strong>2020-2021<\/strong> et d\u2019une seconde usine en 2022-2023<\/em>\u2009\u00bb, rapporte <strong>Gabriel Mbairobe<\/strong>.<\/p>\n<p>Toujours selon lui, il faut proc\u00e9der \u00e0 l\u2019augmentation des capacit\u00e9s des huileries de Garoua et Maroua (septentrion du pays) de mani\u00e8re \u00e0 triturer \u00e0 l\u2019horizon 2023, 260\u2009000 tonnes de coton-graines. Tous ces investissements, d\u2019apr\u00e8s le Minader, n\u00e9cessitent environ <strong>50 milliards de FCFA<\/strong>. Cependant, \u00ab\u2009<em>Du fait du programme avec le Fonds mon\u00e9taire international, l\u2019\u00c9tat n\u2019a pas pu inscrire ces lignes de pr\u00eats dans son budget actuel, ces n\u00e9gociations devant \u00eatre men\u00e9es longtemps \u00e0 l\u2019avance. Mais le gouvernement est d\u00e9termin\u00e9 \u00e0 appuyer ce programme d\u2019investissements et des solutions alternatives sont d\u00e9j\u00e0 \u00e9tudi\u00e9es dans ce sens<\/em>\u2009\u00bb, tente de rassurer M. Mbairobe.<\/p>\n<div class=\"about-author about-author-box container-wrapper\">\n<div class=\"author-avatar\">\n<p><img decoding=\"async\" src=\"http:\/\/\" alt=\"\"\/><\/p>\n<\/div>\n<p><h4>La R\u00e9daction EcoMatin<\/h4>\n<\/p>\n<\/div>\n<div class=\"awac-wrapper awac widget blog_subscription-2\">\n<h4 class=\"widget-title\">Abonnez-vous \u00e0 notre lettre d&rsquo;information<\/h4>\n<\/div>\n<\/div>\n<div class=\"toggle-post-content clearfix\"><a id=\"toggle-post-button\" class=\"button\" href=\"#\">Afficher plus <\/a><\/div>\n<p>Auteur: EcoMatin<br \/>\n<a href=\"https:\/\/ecomatin.net\/agro-industrie-risque-sur-les-capacites-de-transformation-de-la-sodecoton\/\">Cliquez ici pour lire l&rsquo;article depuis sa source.<\/a><\/p>\n","protected":false},"excerpt":{"rendered":"<p>Gabriel Mbairobe, ministre de l\u2019Agriculture et du D\u00e9veloppement rural (Minader), a relev\u00e9 dans une interview accord\u00e9e \u00e0 la presse publique ce 25 juin 2019 qu\u2019aujourd\u2019hui, la Sodecoton a une capacit\u00e9 industrielle \u00e9valu\u00e9e \u00e0 285\u2009000 tonnes de capacit\u00e9 d\u2019\u00e9grainage de coton-graines et 140\u2009000 tonnes de trituration. Du coup, \u00ab\u2009cette ann\u00e9e, sur les 320\u2009000 tonnes de coton [&hellip;]<\/p>\n","protected":false},"author":1969,"featured_media":0,"comment_status":"closed","ping_status":"closed","sticky":false,"template":"","format":"standard","meta":{"fifu_image_url":"","fifu_image_alt":"","footnotes":""},"categories":[82,78],"tags":[],"class_list":["post-43103","post","type-post","status-publish","format-standard","hentry","category-cameroun","category-economie"],"_links":{"self":[{"href":"https:\/\/linitiative.ca\/International\/wp-json\/wp\/v2\/posts\/43103","targetHints":{"allow":["GET"]}}],"collection":[{"href":"https:\/\/linitiative.ca\/International\/wp-json\/wp\/v2\/posts"}],"about":[{"href":"https:\/\/linitiative.ca\/International\/wp-json\/wp\/v2\/types\/post"}],"author":[{"embeddable":true,"href":"https:\/\/linitiative.ca\/International\/wp-json\/wp\/v2\/users\/1969"}],"replies":[{"embeddable":true,"href":"https:\/\/linitiative.ca\/International\/wp-json\/wp\/v2\/comments?post=43103"}],"version-history":[{"count":0,"href":"https:\/\/linitiative.ca\/International\/wp-json\/wp\/v2\/posts\/43103\/revisions"}],"wp:attachment":[{"href":"https:\/\/linitiative.ca\/International\/wp-json\/wp\/v2\/media?parent=43103"}],"wp:term":[{"taxonomy":"category","embeddable":true,"href":"https:\/\/linitiative.ca\/International\/wp-json\/wp\/v2\/categories?post=43103"},{"taxonomy":"post_tag","embeddable":true,"href":"https:\/\/linitiative.ca\/International\/wp-json\/wp\/v2\/tags?post=43103"}],"curies":[{"name":"wp","href":"https:\/\/api.w.org\/{rel}","templated":true}]}}