{"id":43105,"date":"2019-06-27T05:24:59","date_gmt":"2019-06-27T09:24:59","guid":{"rendered":"https:\/\/linitiative.ca\/International\/detournements-de-fonds-le-comptable-soustrait-89-millions-f-des-caisses-du-mont-febe\/"},"modified":"2019-06-27T05:24:59","modified_gmt":"2019-06-27T09:24:59","slug":"detournements-de-fonds-le-comptable-soustrait-89-millions-f-des-caisses-du-mont-febe","status":"publish","type":"post","link":"https:\/\/linitiative.ca\/International\/detournements-de-fonds-le-comptable-soustrait-89-millions-f-des-caisses-du-mont-febe\/","title":{"rendered":"D\u00e9tournements de fonds: le comptable soustrait 8,9 millions F des caisses du Mont-Febe"},"content":{"rendered":"<div class=\"featured-area featured-area-inner\"><img loading=\"lazy\" decoding=\"async\" width=\"780\" height=\"405\" src=\"https:\/\/i2.wp.com\/ecomatin.net\/wp-content\/uploads\/2019\/06\/ecomatin.net-detournements-de-fonds-le-comptable-soustrait-89-millions-f-des-caisses-du-mont-febe-mont-febe.jpg?resize=780%2C405&#038;ssl=1&#038;is-pending-load=1\" class=\"attachment-jannah-image-post size-jannah-image-post wp-post-image jetpack-lazy-image\" alt=\"\" data-attachment-id=\"9372\" data-permalink=\"https:\/\/ecomatin.net\/detournements-de-fonds-le-comptable-soustrait-89-millions-f-des-caisses-du-mont-febe\/mont-febe\/\" data-orig-file=\"https:\/\/i2.wp.com\/ecomatin.net\/wp-content\/uploads\/2019\/06\/ecomatin.net-detournements-de-fonds-le-comptable-soustrait-89-millions-f-des-caisses-du-mont-febe-mont-febe.jpg?fit=840%2C460&#038;ssl=1\" data-orig-size=\"840,460\" data-comments-opened=\"0\" data-image-meta=\"{\"aperture\":\"0\",\"credit\":\"\",\"camera\":\"\",\"caption\":\"\",\"created_timestamp\":\"0\",\"copyright\":\"\",\"focal_length\":\"0\",\"iso\":\"0\",\"shutter_speed\":\"0\",\"title\":\"\",\"orientation\":\"0\"}\" data-image-title=\"Mont-F\u00e9b\u00e9\" data-image-description=\"\" data-medium-file=\"https:\/\/i2.wp.com\/ecomatin.net\/wp-content\/uploads\/2019\/06\/ecomatin.net-detournements-de-fonds-le-comptable-soustrait-89-millions-f-des-caisses-du-mont-febe-mont-febe.jpg?fit=300%2C164&#038;ssl=1\" data-large-file=\"https:\/\/i2.wp.com\/ecomatin.net\/wp-content\/uploads\/2019\/06\/ecomatin.net-detournements-de-fonds-le-comptable-soustrait-89-millions-f-des-caisses-du-mont-febe-mont-febe.jpg?fit=840%2C460&#038;ssl=1\" srcset=\"data:image\/gif;base64,R0lGODlhAQABAIAAAAAAAP\/\/\/yH5BAEAAAAALAAAAAABAAEAAAIBRAA7\"\/><\/div>\n<div class=\"entry-content entry clearfix\" readability=\"66\">\n<p><strong>Pierre Ngondo Nguemany<\/strong> est incarc\u00e9r\u00e9 \u00e0 la Prison centrale de Kondengui depuis l\u2019an 2014. Son ancien employeur, l\u2019h\u00f4tel Mont-Febe, \u00e9tablissement plac\u00e9 sous la tutelle de l\u2019Etat du Cameroun l\u2019accuse d\u2019un d\u00e9tournement de <strong>8,9 millions FCFA<\/strong>\u00a0 et de tentative de concussions de <strong>6 millions FCFA<\/strong> apprend-on dans les colonnes de Kalara, \u00e9dition du 24 juin 2019. Selon les explications, son mode op\u00e9ratoire consistait \u00e0 utiliser de faux documents pour se faire payer certaines factures au nom des fournisseurs.<\/p>\n<p>Face au juge d\u2019instruction le 21 juin 2019, le pr\u00e9venu a clam\u00e9 son innocence. Son conseil a ainsi d\u00e9clar\u00e9 \u00ab\u00a0cette affaire qui rel\u00e8ve de l\u2019erreur judiciaire visait \u00e0 trouver un coupable. Mon client est une victime et ses bourreaux essayent par tous les moyens de lui imputer les d\u00e9tournements des fonds survenus \u00e0 l\u2019h\u00f4tel Mont-Febe\u00a0\u00bb.<\/p>\n<p>Pendant toute sa plaidoirie, l\u2019avocat de <strong>Pierre Ngondo Nguemany<\/strong> a soutenu que l\u2019accusation n\u2019a jamais produit une preuve attestant que con client est l\u2019auteur des fausses factures encore moins\u00a0 le responsable du compte ouvert dans les cahiers de la micro-finance Univers, ni d\u00e9caiss\u00e9 les sommes querell\u00e9es. C\u2019est pourquoi soutient-il, le Directeur g\u00e9n\u00e9ral de l\u2019h\u00f4tel Mont-Febe n\u2019a jamais comparu de peur d\u2019\u00eatre confondu devant la barre.<\/p>\n<p>Pourtant, les fournisseurs concern\u00e9s disent n\u2019avoir jamais sign\u00e9 de bordereaux de livraison et les factures ayant servi au d\u00e9caissement des sommes querell\u00e9es. D\u2019ailleurs, l\u2019avocat de l\u2019h\u00f4tel Mont- Febe\u00a0 abondant dans le m\u00eame sens a d\u00e9clar\u00e9 que \u00ab\u00a0<em>le mis en cause qui connaissait les fournisseurs agr\u00e9es de l\u2019h\u00f4tel a mont\u00e9 des dossiers parall\u00e8les\u00a0 \u00e0 ceux de ces derniers, a ouvert un compte frauduleux dans lequel \u00e9tait vir\u00e9 les fonds qui \u00e9taient d\u00e9caiss\u00e9s par un de ses complices<\/em>\u00ab\u00a0. Le ministre public, lui semble peser pour le Mont-Febe, car, il affirme que les d\u00e9n\u00e9gations de l\u2019accus\u00e9 ne peuvent prosp\u00e9rer \u00e0 cause de plusieurs \u00e9l\u00e9ments de preuves fournis \u00e0 l\u2019occasion des d\u00e9bats publics. En attendant le verdict de l\u2019affaire le 19 juillet, Pierre Ngondo Nguemany purge sa peine derri\u00e8re les barreaux.<\/p>\n<div class=\"about-author about-author-box container-wrapper\">\n<div class=\"author-avatar\">\n<p><img decoding=\"async\" src=\"http:\/\/\" alt=\"\"\/><\/p>\n<\/div>\n<p><h4>La R\u00e9daction EcoMatin<\/h4>\n<\/p>\n<\/div>\n<div class=\"awac-wrapper awac widget blog_subscription-2\">\n<h4 class=\"widget-title\">Abonnez-vous \u00e0 notre lettre d&rsquo;information<\/h4>\n<\/div>\n<\/div>\n<div class=\"toggle-post-content clearfix\"><a id=\"toggle-post-button\" class=\"button\" href=\"#\">Afficher plus <\/a><\/div>\n<p>Auteur: EcoMatin<br \/>\n<a href=\"https:\/\/ecomatin.net\/detournements-de-fonds-le-comptable-soustrait-89-millions-f-des-caisses-du-mont-febe\/\">Cliquez ici pour lire l&rsquo;article depuis sa source.<\/a><\/p>\n","protected":false},"excerpt":{"rendered":"<p>Pierre Ngondo Nguemany est incarc\u00e9r\u00e9 \u00e0 la Prison centrale de Kondengui depuis l\u2019an 2014. Son ancien employeur, l\u2019h\u00f4tel Mont-Febe, \u00e9tablissement plac\u00e9 sous la tutelle de l\u2019Etat du Cameroun l\u2019accuse d\u2019un d\u00e9tournement de 8,9 millions FCFA\u00a0 et de tentative de concussions de 6 millions FCFA apprend-on dans les colonnes de Kalara, \u00e9dition du 24 juin 2019. [&hellip;]<\/p>\n","protected":false},"author":1969,"featured_media":0,"comment_status":"closed","ping_status":"closed","sticky":false,"template":"","format":"standard","meta":{"fifu_image_url":"","fifu_image_alt":"","footnotes":""},"categories":[82,78],"tags":[],"class_list":["post-43105","post","type-post","status-publish","format-standard","hentry","category-cameroun","category-economie"],"_links":{"self":[{"href":"https:\/\/linitiative.ca\/International\/wp-json\/wp\/v2\/posts\/43105","targetHints":{"allow":["GET"]}}],"collection":[{"href":"https:\/\/linitiative.ca\/International\/wp-json\/wp\/v2\/posts"}],"about":[{"href":"https:\/\/linitiative.ca\/International\/wp-json\/wp\/v2\/types\/post"}],"author":[{"embeddable":true,"href":"https:\/\/linitiative.ca\/International\/wp-json\/wp\/v2\/users\/1969"}],"replies":[{"embeddable":true,"href":"https:\/\/linitiative.ca\/International\/wp-json\/wp\/v2\/comments?post=43105"}],"version-history":[{"count":0,"href":"https:\/\/linitiative.ca\/International\/wp-json\/wp\/v2\/posts\/43105\/revisions"}],"wp:attachment":[{"href":"https:\/\/linitiative.ca\/International\/wp-json\/wp\/v2\/media?parent=43105"}],"wp:term":[{"taxonomy":"category","embeddable":true,"href":"https:\/\/linitiative.ca\/International\/wp-json\/wp\/v2\/categories?post=43105"},{"taxonomy":"post_tag","embeddable":true,"href":"https:\/\/linitiative.ca\/International\/wp-json\/wp\/v2\/tags?post=43105"}],"curies":[{"name":"wp","href":"https:\/\/api.w.org\/{rel}","templated":true}]}}