{"id":43106,"date":"2019-06-27T08:22:57","date_gmt":"2019-06-27T12:22:57","guid":{"rendered":"https:\/\/linitiative.ca\/International\/secteur-minier-vers-un-potentiel-plus-accrue-des-richesses-du-cameroun\/"},"modified":"2019-06-27T08:22:57","modified_gmt":"2019-06-27T12:22:57","slug":"secteur-minier-vers-un-potentiel-plus-accrue-des-richesses-du-cameroun","status":"publish","type":"post","link":"https:\/\/linitiative.ca\/International\/secteur-minier-vers-un-potentiel-plus-accrue-des-richesses-du-cameroun\/","title":{"rendered":"Secteur minier: vers un potentiel plus accrue des richesses du Cameroun"},"content":{"rendered":"<p>Au cours d\u2019une rencontre avec la presse, organis\u00e9e le 24 juin dernier, le secr\u00e9taire d\u2019Etat aupr\u00e8s du ministre des Mines, de l\u2019Industrie et du D\u00e9veloppement technologique, <strong>Fuh Calistus Gentry<\/strong> a r\u00e9v\u00e9l\u00e9 que le Cameroun pourrait enregistrer plus de 600 nouveaux sites miniers d\u2019ici la tenue de la prochaine <strong>conf\u00e9rence internationale des mines et exhibition du Cameroun\u00a0<\/strong>(CIMEC) qui se tiendra du 02 au 04 septembre prochain. Une opportunit\u00e9 \u00e9conomique pour le Cameroun qui pourra ainsi passer de 40 \u00e0 60% en termes d\u2019exploration de son potentiel minier d\u2019apr\u00e8s les chiffres officiels.<\/p>\n<p>En effet, apr\u00e8s un travail collaboratif entre la <strong>banque mondiale<\/strong> et le minist\u00e8re en charge des Mines, effectu\u00e9 durant cinq ans pour un co\u00fbt de <strong>60 millions de dollars<\/strong>, soit <strong>34,8 milliards de Fcfa<\/strong>, ce sont 300 minerais qui ont r\u00e9cemment \u00e9t\u00e9 d\u00e9couverts dans sept r\u00e9gions du pays, que sont, le Nord-Ouest, l\u2019Ouest, le Nord, l\u2019Extr\u00eame-Nord, le Centre, l\u2019Adamaoua et l\u2019Est.<\/p>\n<p>La Cimec qui sera rendue \u00e0 sa troisi\u00e8me \u00e9dition, sera l\u2019occasion de pr\u00e9senter au public \u00ab <em>les r\u00e9sultats des travaux de lev\u00e9s g\u00e9ophysiques a\u00e9roport\u00e9s effectu\u00e9s par le Programme de Renforcement des capacit\u00e9s dans le Secteur Minier (PRECASEM)<\/em> \u00bb. Pr\u00e9cis\u00e9ment, il s\u2019agira au cours de cette conf\u00e9rence, de pr\u00e9senter de mani\u00e8re plus explicite, le potentiel du Cameroun en termes de ressources mini\u00e8res, les r\u00e9sultats du terrain qui pourront certainement int\u00e9resser les investisseurs du secteur minier.<\/p>\n<p>Rappelons qu\u2019apr\u00e8s la tenue des deux premi\u00e8res \u00e9ditions, il s\u2019est r\u00e9v\u00e9l\u00e9 \u00ab <em>qu\u2019au-del\u00e0 des 40% du territoire d\u00e9j\u00e0 explor\u00e9, notre pays dispose d\u2019un potentiel tr\u00e8s riche et vari\u00e9, qui concentre dans son sous-sol \u00e0 travers ses dix r\u00e9gions, une grande diversit\u00e9 de richesses mini\u00e8res et min\u00e9rales quantitatives et qualitatives<\/em> \u00bb, d\u2019apr\u00e8s les propos de <strong>Gabriel Dodo Ndoke, ministre des Mines, de l\u2019Industrie et du D\u00e9veloppement technologique (Minmidt)<\/strong> au cours du point de presse.<\/p>\n<p>C\u2019est donc fort de cela, a-t-il ajout\u00e9, que le gouvernement sous les tr\u00e8s hautes directives du Chef de l\u2019Etat, a pens\u00e9 \u00e0 la mise en place d\u2019une politique destin\u00e9e \u00e0 faire de ce potentiel, de v\u00e9ritables opportunit\u00e9s. Au rang des mesures prises, l\u2019adoption d\u2019un code minier plus attractif pour les potentiels investisseurs du secteur depuis d\u00e9cembre 2016, la mise en place d\u2019un comit\u00e9 charg\u00e9 d\u2019assurer l\u2019encadrement des artisans miniers, du <strong>Precasem<\/strong> et de l\u2019Initiative pour la transparence dans les industries extractives (ITIE), pour ne citer que ceux-l\u00e0.<\/p>\n<p><strong>\u00a0 \u00a0<\/strong><\/p>\n<div class=\"about-author about-author-box container-wrapper\">\n<div class=\"author-avatar\">\n<p><img decoding=\"async\" src=\"http:\/\/\" alt=\"\"\/><\/p>\n<\/div>\n<p><h4>La R\u00e9daction EcoMatin<\/h4>\n<\/p>\n<\/div>\n<div class=\"awac-wrapper awac widget blog_subscription-2\">\n<h4 class=\"widget-title\">Abonnez-vous \u00e0 notre lettre d&rsquo;information<\/h4>\n<\/div>\n<p>Auteur: EcoMatin<br \/>\n<a href=\"https:\/\/ecomatin.net\/secteur-minier-vers-un-potentiel-plus-accrue-des-richesses-du-cameroun\/\">Cliquez ici pour lire l&rsquo;article depuis sa source.<\/a><\/p>\n","protected":false},"excerpt":{"rendered":"<p>Au cours d\u2019une rencontre avec la presse, organis\u00e9e le 24 juin dernier, le secr\u00e9taire d\u2019Etat aupr\u00e8s du ministre des Mines, de l\u2019Industrie et du D\u00e9veloppement technologique, Fuh Calistus Gentry a r\u00e9v\u00e9l\u00e9 que le Cameroun pourrait enregistrer plus de 600 nouveaux sites miniers d\u2019ici la tenue de la prochaine conf\u00e9rence internationale des mines et exhibition du [&hellip;]<\/p>\n","protected":false},"author":1969,"featured_media":0,"comment_status":"closed","ping_status":"closed","sticky":false,"template":"","format":"standard","meta":{"fifu_image_url":"","fifu_image_alt":"","footnotes":""},"categories":[82,78],"tags":[],"class_list":["post-43106","post","type-post","status-publish","format-standard","hentry","category-cameroun","category-economie"],"_links":{"self":[{"href":"https:\/\/linitiative.ca\/International\/wp-json\/wp\/v2\/posts\/43106","targetHints":{"allow":["GET"]}}],"collection":[{"href":"https:\/\/linitiative.ca\/International\/wp-json\/wp\/v2\/posts"}],"about":[{"href":"https:\/\/linitiative.ca\/International\/wp-json\/wp\/v2\/types\/post"}],"author":[{"embeddable":true,"href":"https:\/\/linitiative.ca\/International\/wp-json\/wp\/v2\/users\/1969"}],"replies":[{"embeddable":true,"href":"https:\/\/linitiative.ca\/International\/wp-json\/wp\/v2\/comments?post=43106"}],"version-history":[{"count":0,"href":"https:\/\/linitiative.ca\/International\/wp-json\/wp\/v2\/posts\/43106\/revisions"}],"wp:attachment":[{"href":"https:\/\/linitiative.ca\/International\/wp-json\/wp\/v2\/media?parent=43106"}],"wp:term":[{"taxonomy":"category","embeddable":true,"href":"https:\/\/linitiative.ca\/International\/wp-json\/wp\/v2\/categories?post=43106"},{"taxonomy":"post_tag","embeddable":true,"href":"https:\/\/linitiative.ca\/International\/wp-json\/wp\/v2\/tags?post=43106"}],"curies":[{"name":"wp","href":"https:\/\/api.w.org\/{rel}","templated":true}]}}