{"id":43107,"date":"2019-06-27T08:39:33","date_gmt":"2019-06-27T12:39:33","guid":{"rendered":"https:\/\/linitiative.ca\/International\/premier-dialogue-economique-cameroun-ue-loptimisation-de-la-croissance-au-centre-des-echanges\/"},"modified":"2019-06-27T08:39:33","modified_gmt":"2019-06-27T12:39:33","slug":"premier-dialogue-economique-cameroun-ue-loptimisation-de-la-croissance-au-centre-des-echanges","status":"publish","type":"post","link":"https:\/\/linitiative.ca\/International\/premier-dialogue-economique-cameroun-ue-loptimisation-de-la-croissance-au-centre-des-echanges\/","title":{"rendered":"Premier dialogue \u00e9conomique Cameroun-UE : l\u2019optimisation de la croissance au centre des \u00e9changes"},"content":{"rendered":"<p>Partenaires \u00e9conomiques de longue date, le Cameroun et l\u2019Union europ\u00e9enne ont tenu leur tout premier <strong>dialogue \u00e9conomique<\/strong> structur\u00e9 le 25 juin dernier \u00e0 Yaound\u00e9. Au menu des \u00e9changes, les questions de l\u2019optimisation de la croissance et du d\u00e9veloppement via le commerce et le secteur priv\u00e9.<\/p>\n<p>En effet, dans le cadre d\u2019une nouvelle <strong>Alliance Afrique-Europe<\/strong> pour des emplois et des investissements durables, les deux partenaires se sont accord\u00e9s sur une coop\u00e9ration post 2020 beaucoup plus bas\u00e9e sur le commerce et une meilleure implication du secteur priv\u00e9 dans les activit\u00e9s \u00e9conomiques, pour stimuler la cr\u00e9ation de richesses et d\u2019emplois : \u00ab <em>Il est important que notre relation \u00e9volue davantage vers un partenariat \u00e9conomique bas\u00e9 sur le commerce, l\u2019investissement et la croissance\u2026Aujourd\u2019hui, nous avons des instruments nouveaux qui se sont mobilis\u00e9s, par exemple, le fonds europ\u00e9en d\u2019investissement qui fonctionne \u00e0 travers ce que nous appelons \u2018\u2019blending\u2019\u2019 qui veut dire mixage pr\u00eat-don, et le fonds de garantie qui peuvent faciliter l\u2019investissement des op\u00e9rateurs priv\u00e9s<\/em> \u00bb, a indiqu\u00e9 Hans <strong>Peter Schadek, Ambassadeur, chef de la d\u00e9l\u00e9gation de l\u2019Union europ\u00e9enne(UE<\/strong>) au Cameroun.<\/p>\n<p>Pour cela donc, il faudrait des conditions-cadres qui encadrent l\u2019activit\u00e9 du secteur priv\u00e9 au Cameroun, car \u00ab <em>ce secteur ne peut \u00e9voluer que si les conditions pour investir sont favorables<\/em> \u00bb, va-t-il ajout\u00e9. Au rang de ces conditions, une revue des politiques fiscales et des services \u00e9conomiques de bases. \u00c0 ce sujet, <strong>Christophe Ekeng<\/strong>, pr\u00e9sident de la chambre du commerce, a \u00e9mis le v\u0153u de voir l\u2019UE coop\u00e9rer de plein pied avec le secteur priv\u00e9e en affectant par exemple entre 10 et 30% des fonds qui sont allou\u00e9s \u00e0 l\u2019Etat pour soutenir l\u2019\u00e9mergence au secteur priv\u00e9, car ils sont le \u00ab <em>moteur de l\u2019emploi<\/em> \u00bb.<\/p>\n<p>Rappelons qu\u2019\u00e0 ce jour le volume de la coop\u00e9ration entre le Cameroun et l\u2019Europe est estim\u00e9 \u00e0 plus de <strong>2,5 milliards d\u2019euros<\/strong>, soit <strong>1639, 8 milliards<\/strong> environ. Pour ce nouveau paradigme, l\u2019UE va d\u00e9ployer <strong>68 milliards d\u2019euros<\/strong> (plus de <strong>4400 milliards de fcfa<\/strong>) pour ses pays partenaires de la p\u00e9riph\u00e9rie sud.<\/p>\n<p><strong>\u00a0<\/strong><\/p>\n<div class=\"about-author about-author-box container-wrapper\">\n<div class=\"author-avatar\">\n<p><img decoding=\"async\" src=\"http:\/\/\" alt=\"\"\/><\/p>\n<\/div>\n<p><h4>La R\u00e9daction EcoMatin<\/h4>\n<\/p>\n<\/div>\n<div class=\"awac-wrapper awac widget blog_subscription-2\">\n<h4 class=\"widget-title\">Abonnez-vous \u00e0 notre lettre d&rsquo;information<\/h4>\n<\/div>\n<p>Auteur: EcoMatin<br \/>\n<a href=\"https:\/\/ecomatin.net\/premier-dialogue-economique-cameroun-ue-loptimisation-de-la-croissance-au-centre-des-echanges\/\">Cliquez ici pour lire l&rsquo;article depuis sa source.<\/a><\/p>\n","protected":false},"excerpt":{"rendered":"<p>Partenaires \u00e9conomiques de longue date, le Cameroun et l\u2019Union europ\u00e9enne ont tenu leur tout premier dialogue \u00e9conomique structur\u00e9 le 25 juin dernier \u00e0 Yaound\u00e9. Au menu des \u00e9changes, les questions de l\u2019optimisation de la croissance et du d\u00e9veloppement via le commerce et le secteur priv\u00e9. En effet, dans le cadre d\u2019une nouvelle Alliance Afrique-Europe pour [&hellip;]<\/p>\n","protected":false},"author":1969,"featured_media":0,"comment_status":"closed","ping_status":"closed","sticky":false,"template":"","format":"standard","meta":{"fifu_image_url":"","fifu_image_alt":"","footnotes":""},"categories":[82,78],"tags":[],"class_list":["post-43107","post","type-post","status-publish","format-standard","hentry","category-cameroun","category-economie"],"_links":{"self":[{"href":"https:\/\/linitiative.ca\/International\/wp-json\/wp\/v2\/posts\/43107","targetHints":{"allow":["GET"]}}],"collection":[{"href":"https:\/\/linitiative.ca\/International\/wp-json\/wp\/v2\/posts"}],"about":[{"href":"https:\/\/linitiative.ca\/International\/wp-json\/wp\/v2\/types\/post"}],"author":[{"embeddable":true,"href":"https:\/\/linitiative.ca\/International\/wp-json\/wp\/v2\/users\/1969"}],"replies":[{"embeddable":true,"href":"https:\/\/linitiative.ca\/International\/wp-json\/wp\/v2\/comments?post=43107"}],"version-history":[{"count":0,"href":"https:\/\/linitiative.ca\/International\/wp-json\/wp\/v2\/posts\/43107\/revisions"}],"wp:attachment":[{"href":"https:\/\/linitiative.ca\/International\/wp-json\/wp\/v2\/media?parent=43107"}],"wp:term":[{"taxonomy":"category","embeddable":true,"href":"https:\/\/linitiative.ca\/International\/wp-json\/wp\/v2\/categories?post=43107"},{"taxonomy":"post_tag","embeddable":true,"href":"https:\/\/linitiative.ca\/International\/wp-json\/wp\/v2\/tags?post=43107"}],"curies":[{"name":"wp","href":"https:\/\/api.w.org\/{rel}","templated":true}]}}