{"id":43127,"date":"2019-06-28T08:36:36","date_gmt":"2019-06-28T12:36:36","guid":{"rendered":"https:\/\/linitiative.ca\/International\/trump-en-position-de-force-face-a-xi-au-g20\/"},"modified":"2019-06-28T08:36:36","modified_gmt":"2019-06-28T12:36:36","slug":"trump-en-position-de-force-face-a-xi-au-g20","status":"publish","type":"post","link":"https:\/\/linitiative.ca\/International\/trump-en-position-de-force-face-a-xi-au-g20\/","title":{"rendered":"Trump en position de force face \u00e0 Xi au G20"},"content":{"rendered":"<p>Ce sera le \u00ab\u00a0clou\u00a0\u00bb du G20 d\u2019Osaka, comme \u00e7a l\u2019avait \u00e9t\u00e9 lors du pr\u00e9c\u00e9dent sommet des principaux dirigeants de la plan\u00e8te en Argentine, en novembre\u00a02018\u00a0: la rencontre entre le pr\u00e9sident am\u00e9ricain, Donald Trump, et son homologue chinois, Xi Jinping, samedi 29\u00a0juin, pendant une heure et demie. Objectif, \u00e9viter une guerre commerciale g\u00e9n\u00e9ralis\u00e9e.<\/p>\n<p><em>\u00ab\u00a0L\u2019\u00e9conomie de la Chine s\u2019effondre, ils veulent un accord\u00a0\u00bb<\/em>, a d\u00e9clar\u00e9 Donald Trump avant de s\u2019envoler pour le Japon. Le pr\u00e9sident a, comme souvent, jou\u00e9 les matamores. En cas d\u2019absence d\u2019accord, il a un\u00a0<em>\u00ab\u00a0plan B\u00a0\u00bb\u00a0<\/em>: taxer massivement les produits chinois.<\/p>\n<p>Tout avait bien commenc\u00e9 lorsque M. Trump avait re\u00e7u M. Xi dans son golf de Mar-a-Lago, d\u00e9but 2017. Mais une alchimie personnelle, affich\u00e9e ou r\u00e9elle, ne fait pas un accord \u2013 on l\u2019a vu lors de l\u2019\u00e9chec du sommet entre M. Trump et le dirigeant nord-cor\u00e9en, Kim Jong-un, \u00e0 Hano\u00ef, en f\u00e9vrier. Surtout, il persiste une profonde \u00e9quivoque sur les buts de la guerre commerciale lanc\u00e9e par les Etats-Unis. Le pr\u00e9sident Trump a sans cesse d\u00e9nonc\u00e9 le d\u00e9s\u00e9quilibre commercial avec P\u00e9kin, mais derri\u00e8re cette contestation se cachent deux approches diff\u00e9rentes.<\/p>\n<p>La premi\u00e8re, port\u00e9e officiellement par le repr\u00e9sentant au commerce Robert Lighthizer, consiste \u00e0 accuser la Chine de ne pas avoir respect\u00e9 les r\u00e8gles du jeu depuis son entr\u00e9e, en\u00a02001, dans l\u2019Organisation mondiale du commerce (OMC). P\u00e9kin est accus\u00e9 de forcer les entreprises occidentales \u00e0 transf\u00e9rer leurs technologies, et il lui est reproch\u00e9 de subventionner, par le foncier et le cr\u00e9dit, son secteur d\u2019Etat. C\u2019est parce que les Chinois ont refus\u00e9 de s\u2019engager explicitement sur des changements de l\u00e9gislation interne que les n\u00e9gociations am\u00e9ricaines ont \u00e9chou\u00e9 au printemps. <strong>le monde<\/strong><\/p>\n<p class=\"dpsp-share-text\">Partager c&rsquo;est aimer!<\/p>\n<div class=\"wp-post-author-wrap wp-post-author-shortcode left\">\n<h3 class=\"awpa-title\"\/>\n<div class=\"wp-post-author\">\n<div class=\"awpa-img awpa-author-block square\"><a href=\"http:\/\/lexpertjournal.net\/fr\/author\/expert\/\"><img loading=\"lazy\" decoding=\"async\" alt=\"\" src=\"http:\/\/2.gravatar.com\/avatar\/56d99be2a6f97af88ccb49fada637fcd?s=150&#038;d=mm&#038;r=g\" srcset=\"http:\/\/2.gravatar.com\/avatar\/56d99be2a6f97af88ccb49fada637fcd?s=300&#038;d=mm&#038;r=g 2x\" class=\"avatar avatar-150 photo\" height=\"150\" width=\"150\"\/><\/a><\/div>\n<\/div>\n<\/div>\n<p>Auteur: L&rsquo;expert<br \/>\n<a href=\"http:\/\/lexpertjournal.net\/fr\/2019\/06\/28\/trump-en-position-de-force-face-a-xi-au-g20\/\">Cliquez ici pour lire l&rsquo;article depuis sa source.<\/a><\/p>\n","protected":false},"excerpt":{"rendered":"<p>Ce sera le \u00ab\u00a0clou\u00a0\u00bb du G20 d\u2019Osaka, comme \u00e7a l\u2019avait \u00e9t\u00e9 lors du pr\u00e9c\u00e9dent sommet des principaux dirigeants de la plan\u00e8te en Argentine, en novembre\u00a02018\u00a0: la rencontre entre le pr\u00e9sident am\u00e9ricain, Donald Trump, et son homologue chinois, Xi Jinping, samedi 29\u00a0juin, pendant une heure et demie. Objectif, \u00e9viter une guerre commerciale g\u00e9n\u00e9ralis\u00e9e. \u00ab\u00a0L\u2019\u00e9conomie de la [&hellip;]<\/p>\n","protected":false},"author":1775,"featured_media":0,"comment_status":"closed","ping_status":"closed","sticky":false,"template":"","format":"standard","meta":{"fifu_image_url":"","fifu_image_alt":"","footnotes":""},"categories":[78,55],"tags":[],"class_list":["post-43127","post","type-post","status-publish","format-standard","hentry","category-economie","category-tunisie"],"_links":{"self":[{"href":"https:\/\/linitiative.ca\/International\/wp-json\/wp\/v2\/posts\/43127","targetHints":{"allow":["GET"]}}],"collection":[{"href":"https:\/\/linitiative.ca\/International\/wp-json\/wp\/v2\/posts"}],"about":[{"href":"https:\/\/linitiative.ca\/International\/wp-json\/wp\/v2\/types\/post"}],"author":[{"embeddable":true,"href":"https:\/\/linitiative.ca\/International\/wp-json\/wp\/v2\/users\/1775"}],"replies":[{"embeddable":true,"href":"https:\/\/linitiative.ca\/International\/wp-json\/wp\/v2\/comments?post=43127"}],"version-history":[{"count":0,"href":"https:\/\/linitiative.ca\/International\/wp-json\/wp\/v2\/posts\/43127\/revisions"}],"wp:attachment":[{"href":"https:\/\/linitiative.ca\/International\/wp-json\/wp\/v2\/media?parent=43127"}],"wp:term":[{"taxonomy":"category","embeddable":true,"href":"https:\/\/linitiative.ca\/International\/wp-json\/wp\/v2\/categories?post=43127"},{"taxonomy":"post_tag","embeddable":true,"href":"https:\/\/linitiative.ca\/International\/wp-json\/wp\/v2\/tags?post=43127"}],"curies":[{"name":"wp","href":"https:\/\/api.w.org\/{rel}","templated":true}]}}