{"id":43128,"date":"2019-06-28T08:42:53","date_gmt":"2019-06-28T12:42:53","guid":{"rendered":"https:\/\/linitiative.ca\/International\/taboubi-cest-honteux-de-parler-de-vacance-au-pouvoir\/"},"modified":"2019-06-28T08:42:53","modified_gmt":"2019-06-28T12:42:53","slug":"taboubi-cest-honteux-de-parler-de-vacance-au-pouvoir","status":"publish","type":"post","link":"https:\/\/linitiative.ca\/International\/taboubi-cest-honteux-de-parler-de-vacance-au-pouvoir\/","title":{"rendered":"Taboubi: \u00bb C\u2019est honteux de parler de vacance au pouvoir \u00bb"},"content":{"rendered":"<p>Le secr\u00e9taire g\u00e9n\u00e9ral de l\u2019Union G\u00e9n\u00e9rale Tunisienne du Travail (UGTT), Noureddine Tabboubi a appel\u00e9 ce vendredi 28 juin 2019,\u00a0 \u00e0 l\u2019union nationale et \u00e0 \u00e9viter de surfer sur les \u00e9v\u00e9nements.<br \/>\u00ab\u00a0<em>Nous devons rester dans un esprit d\u2019union nationale infaillible. Il est du devoir du chacun d\u2019\u00e9viter les tentions politiques et surtout de cesser de surfer sur les \u00e9v\u00e9nements. Plus tard, on aura des comptes \u00e0 rendre<\/em>\u00ab\u00a0a-t-il insist\u00e9.<br \/>Dans une d\u00e9claration m\u00e9diatique, Tabboubi s\u2019est \u00e9galement attard\u00e9 sur les rumeurs qui ont couru hier sur le pr\u00e9tendu d\u00e9c\u00e8s du pr\u00e9sident de la R\u00e9publique B\u00e9ji Ca\u00efd Essebsi.<br \/>\u00a0\u00bb\u00a0<em>Celui qui pr\u00e9cipite ses pas tombe. Il y a un minimum de d\u00e9ontologie. Tomber malade ou mourir ce sont des choses qui arrivent \u00e0 tout le monde. Le pr\u00e9sident a \u00e9t\u00e9 \u00e9lu d\u00e9mocratiquement par le peuple.\u00a0<\/em><br \/><em>Nous lui souhaitons le prompt r\u00e9tablissement. Nous esp\u00e9rons qu\u2019il se remettra assez vite pour reprendre les reines du pouvoir. Nous voulons que toutes nos institutions constitutionnelles soient pr\u00eates pour d\u00e9passer cette p\u00e9riode et atteindre les \u00e9ch\u00e9ances \u00e9lectorales. BCE est en vie. C\u2019est honteux de partager des balivernes et de penser \u00e0 une vacance au pouvoir. l\u2019UGTT sera l\u00e0 pour stopper toute personne qui tentera de perturber le rendez-vous \u00e9lectoral<\/em>\u00ab\u00a0a-t-il exprim\u00e9. <strong>le monde<\/strong><\/p>\n<p class=\"dpsp-share-text\">Partager c&rsquo;est aimer!<\/p>\n<div class=\"wp-post-author-wrap wp-post-author-shortcode left\">\n<h3 class=\"awpa-title\"\/>\n<div class=\"wp-post-author\">\n<div class=\"awpa-img awpa-author-block square\"><a href=\"http:\/\/lexpertjournal.net\/fr\/author\/expert\/\"><img loading=\"lazy\" decoding=\"async\" alt=\"\" src=\"http:\/\/2.gravatar.com\/avatar\/56d99be2a6f97af88ccb49fada637fcd?s=150&#038;d=mm&#038;r=g\" srcset=\"http:\/\/2.gravatar.com\/avatar\/56d99be2a6f97af88ccb49fada637fcd?s=300&#038;d=mm&#038;r=g 2x\" class=\"avatar avatar-150 photo\" height=\"150\" width=\"150\"\/><\/a><\/div>\n<\/div>\n<\/div>\n<p>Auteur: L&rsquo;expert<br \/>\n<a href=\"http:\/\/lexpertjournal.net\/fr\/2019\/06\/28\/taboubi-cest-honteux-de-parler-de-vacance-au-pouvoir\/\">Cliquez ici pour lire l&rsquo;article depuis sa source.<\/a><\/p>\n","protected":false},"excerpt":{"rendered":"<p>Le secr\u00e9taire g\u00e9n\u00e9ral de l\u2019Union G\u00e9n\u00e9rale Tunisienne du Travail (UGTT), Noureddine Tabboubi a appel\u00e9 ce vendredi 28 juin 2019,\u00a0 \u00e0 l\u2019union nationale et \u00e0 \u00e9viter de surfer sur les \u00e9v\u00e9nements.\u00ab\u00a0Nous devons rester dans un esprit d\u2019union nationale infaillible. Il est du devoir du chacun d\u2019\u00e9viter les tentions politiques et surtout de cesser de surfer sur [&hellip;]<\/p>\n","protected":false},"author":1775,"featured_media":0,"comment_status":"closed","ping_status":"closed","sticky":false,"template":"","format":"standard","meta":{"fifu_image_url":"","fifu_image_alt":"","footnotes":""},"categories":[78,55],"tags":[],"class_list":["post-43128","post","type-post","status-publish","format-standard","hentry","category-economie","category-tunisie"],"_links":{"self":[{"href":"https:\/\/linitiative.ca\/International\/wp-json\/wp\/v2\/posts\/43128","targetHints":{"allow":["GET"]}}],"collection":[{"href":"https:\/\/linitiative.ca\/International\/wp-json\/wp\/v2\/posts"}],"about":[{"href":"https:\/\/linitiative.ca\/International\/wp-json\/wp\/v2\/types\/post"}],"author":[{"embeddable":true,"href":"https:\/\/linitiative.ca\/International\/wp-json\/wp\/v2\/users\/1775"}],"replies":[{"embeddable":true,"href":"https:\/\/linitiative.ca\/International\/wp-json\/wp\/v2\/comments?post=43128"}],"version-history":[{"count":0,"href":"https:\/\/linitiative.ca\/International\/wp-json\/wp\/v2\/posts\/43128\/revisions"}],"wp:attachment":[{"href":"https:\/\/linitiative.ca\/International\/wp-json\/wp\/v2\/media?parent=43128"}],"wp:term":[{"taxonomy":"category","embeddable":true,"href":"https:\/\/linitiative.ca\/International\/wp-json\/wp\/v2\/categories?post=43128"},{"taxonomy":"post_tag","embeddable":true,"href":"https:\/\/linitiative.ca\/International\/wp-json\/wp\/v2\/tags?post=43128"}],"curies":[{"name":"wp","href":"https:\/\/api.w.org\/{rel}","templated":true}]}}