{"id":43142,"date":"2019-06-27T17:14:45","date_gmt":"2019-06-27T21:14:45","guid":{"rendered":"https:\/\/linitiative.ca\/International\/affaire-imlil-audition-des-plaidoiries-de-la-partie-civile\/"},"modified":"2019-06-27T17:14:45","modified_gmt":"2019-06-27T21:14:45","slug":"affaire-imlil-audition-des-plaidoiries-de-la-partie-civile","status":"publish","type":"post","link":"https:\/\/linitiative.ca\/International\/affaire-imlil-audition-des-plaidoiries-de-la-partie-civile\/","title":{"rendered":"Affaire Imlil: Audition des plaidoiries de la partie civile"},"content":{"rendered":"<div readability=\"35\">\n<p>Sal\u00e9 \u2013 La Chambre criminelle charg\u00e9e des affaires du terrorisme pr\u00e8s l\u2019annexe de la Cour d\u2019appel \u00e0 Sal\u00e9 a repris jeudi l\u2019examen de l\u2019affaire du meurtre de deux touristes scandinaves dans la r\u00e9gion d\u2019Imlil (province d\u2019El Haouz) par l\u2019audition des plaidoiries de la partie civile et du r\u00e9quisitoire du Minist\u00e8re public.<\/p>\n<\/div>\n<div readability=\"85\">\n<p>Le Minist\u00e8re public a affirm\u00e9 la pertinence des d\u00e9marches proc\u00e9durales et la r\u00e9gularit\u00e9 des formalit\u00e9s, tout en insistant sur la production des effets juridiques des proc\u00e8s-verbaux de la police judiciaire.<\/p>\n<p>Le Parquet a \u00e9galement soutenu le bien-fond\u00e9 de l\u2019expertise pratiqu\u00e9e sur les outils informatiques et ses conclusions sur la base de la confrontation des mis en cause, faisant observer que ces \u00e9l\u00e9ments n\u2019ont fait l\u2019objet d\u2019aucun recours, ni remis en question.<\/p>\n<p>La Cour a fix\u00e9 le 11 juillet comme date pour reprendre l\u2019examen de l\u2019affaire et l\u2019audition de la d\u00e9fense des accus\u00e9s.<\/p>\n<p>Concernant les conditions dans lesquelles se d\u00e9roule le proc\u00e8s, l\u2019avocate au Barreau de Rabat, Hafida Mekssaoui, les a qualifi\u00e9es d\u2019excellentes.<\/p>\n<p>Dans une d\u00e9claration \u00e0 la MAP, l\u2019avocate qui repr\u00e9sente l\u2019accus\u00e9 principal et certains autres mis en cause, a relev\u00e9 que \u00ab\u00a0toutes les garanties d\u2019un proc\u00e8s \u00e9quitable sont r\u00e9unies, tel que le service d\u2019interpr\u00e9tariat pour l\u2019accus\u00e9 suisse\u00a0\u00bb.<\/p>\n<p>Pour sa part, Khalid Fettaoui, avocat au Barreau de Marrakech, qui repr\u00e9sente la partie danoise, a affirm\u00e9 que son client \u201cplace son enti\u00e8re confiance en la justice marocaine qui a assur\u00e9 toutes les garanties aux ayants-droit\u201d.<\/p>\n<p>Il a \u00e9galement exprim\u00e9 son souhait que la sentence soit compatible avec la gravit\u00e9 des actes commis.<\/p>\n<p>Les accus\u00e9s sont poursuivis notamment pour \u00ab\u00a0constitution d\u2019une bande pour pr\u00e9parer et commettre des actes terroristes, atteinte \u00e0 la vie de personnes avec pr\u00e9m\u00e9ditation, possession d\u2019armes \u00e0 feu et tentative de fabrication d\u2019explosifs en violation de la loi, dans le cadre d\u2019un projet collectif visant \u00e0 porter gravement atteinte \u00e0 l\u2019ordre public\u00a0\u00bb.<\/p>\n<p>Dans le cadre des investigations men\u00e9es apr\u00e8s la d\u00e9couverte des corps sans vie de deux touristes \u00e9trang\u00e8res dans la r\u00e9gion d\u2019Imlil, le Bureau central d\u2019investigations judiciaires (BCIJ), relevant de la Direction g\u00e9n\u00e9rale de la surveillance du territoire national, avait annonc\u00e9 l\u2019arrestation des personnes accus\u00e9es, en collaboration avec la Gendarmerie royale et la S\u00fbret\u00e9 nationale.<\/p>\n<\/div>\n<p>Auteur: Meriem IGASS<br \/>\n<a href=\"http:\/\/www.mapmarrakech.ma\/fr\/meurtre-dimlil-audition-des-plaidoiries-de-la-partie-civile\/\">Cliquez ici pour lire l&rsquo;article depuis sa source.<\/a><\/p>\n","protected":false},"excerpt":{"rendered":"<p>Sal\u00e9 \u2013 La Chambre criminelle charg\u00e9e des affaires du terrorisme pr\u00e8s l\u2019annexe de la Cour d\u2019appel \u00e0 Sal\u00e9 a repris jeudi l\u2019examen de l\u2019affaire du meurtre de deux touristes scandinaves dans la r\u00e9gion d\u2019Imlil (province d\u2019El Haouz) par l\u2019audition des plaidoiries de la partie civile et du r\u00e9quisitoire du Minist\u00e8re public. Le Minist\u00e8re public a [&hellip;]<\/p>\n","protected":false},"author":1788,"featured_media":0,"comment_status":"closed","ping_status":"closed","sticky":false,"template":"","format":"standard","meta":{"fifu_image_url":"","fifu_image_alt":"","footnotes":""},"categories":[54,76],"tags":[],"class_list":["post-43142","post","type-post","status-publish","format-standard","hentry","category-maroc","category-regions"],"_links":{"self":[{"href":"https:\/\/linitiative.ca\/International\/wp-json\/wp\/v2\/posts\/43142","targetHints":{"allow":["GET"]}}],"collection":[{"href":"https:\/\/linitiative.ca\/International\/wp-json\/wp\/v2\/posts"}],"about":[{"href":"https:\/\/linitiative.ca\/International\/wp-json\/wp\/v2\/types\/post"}],"author":[{"embeddable":true,"href":"https:\/\/linitiative.ca\/International\/wp-json\/wp\/v2\/users\/1788"}],"replies":[{"embeddable":true,"href":"https:\/\/linitiative.ca\/International\/wp-json\/wp\/v2\/comments?post=43142"}],"version-history":[{"count":0,"href":"https:\/\/linitiative.ca\/International\/wp-json\/wp\/v2\/posts\/43142\/revisions"}],"wp:attachment":[{"href":"https:\/\/linitiative.ca\/International\/wp-json\/wp\/v2\/media?parent=43142"}],"wp:term":[{"taxonomy":"category","embeddable":true,"href":"https:\/\/linitiative.ca\/International\/wp-json\/wp\/v2\/categories?post=43142"},{"taxonomy":"post_tag","embeddable":true,"href":"https:\/\/linitiative.ca\/International\/wp-json\/wp\/v2\/tags?post=43142"}],"curies":[{"name":"wp","href":"https:\/\/api.w.org\/{rel}","templated":true}]}}