{"id":43149,"date":"2019-06-27T17:14:27","date_gmt":"2019-06-27T21:14:27","guid":{"rendered":"https:\/\/linitiative.ca\/International\/lartisanat-dans-loriental-un-levier-de-developpement\/"},"modified":"2019-06-27T17:14:27","modified_gmt":"2019-06-27T21:14:27","slug":"lartisanat-dans-loriental-un-levier-de-developpement","status":"publish","type":"post","link":"https:\/\/linitiative.ca\/International\/lartisanat-dans-loriental-un-levier-de-developpement\/","title":{"rendered":"L\u2019artisanat dans l\u2019Oriental, un levier de d\u00e9veloppement"},"content":{"rendered":"<div readability=\"36\">\n<p>Le secteur de l\u2019artisanat dans la r\u00e9gion de l\u2019Oriental a connu ces derni\u00e8res ann\u00e9es une \u00e9volution notable \u00e0 plusieurs niveaux \u00e0 la faveur d\u2019un ensemble d\u2019infrastructures et d\u2019actions cibl\u00e9es, visant \u00e0 am\u00e9liorer les performances de ce secteur pour en faire un levier de d\u00e9veloppement \u00e9conomique et social durable.<\/p>\n<\/div>\n<div readability=\"140\">\n<p>En effet, l\u2019Oriental jouit d\u2019un riche potentiel dans le secteur de l\u2019artisanat et d\u2019un savoir-faire s\u00e9culaire et une ma\u00eetrise des techniques de production dans certains m\u00e9tiers comme ceux du bois, du fer, du cuir, du tissage de tapis et du travail de la laine et de la blouza, tenue traditionnelle de la r\u00e9gion.<\/p>\n<p>Au fil des ann\u00e9es, les artisans de la r\u00e9gion ont fait preuve de finesse et de dext\u00e9rit\u00e9 dans la production et la pr\u00e9sentation de leurs \u0153uvres et produits. Un savoir-faire ancestral transmis de p\u00e8re en fils coupl\u00e9 d\u2019un recours croissant aux nouvelles technologies dans la conception et la commercialisation.<\/p>\n<p>Le nombre des artisans que compte cette r\u00e9gion refl\u00e8te, \u00e0 lui seul, l\u2019importance de ce secteur et sa place dans son tissu \u00e9conomique. Ils sont quelque 77.000 artisans, selon des donn\u00e9es de la Direction r\u00e9gionale de l\u2019Artisanat, et ce chiffre ne cesse de progresser avec une pr\u00e9sence de plus en plus remarquable des femmes.<\/p>\n<p>A souligner aussi que la r\u00e9gion de l\u2019Oriental compte d\u00e9j\u00e0 pas moins de 298 coop\u00e9ratives regroupant un total de 2.428 coop\u00e9rants et coop\u00e9rantes, r\u00e9parties entre la pr\u00e9fecture d\u2019Oujda-Angad (82 coop\u00e9ratives) et les provinces de Nador (67), Figuig (44), Taourirt (32), Jerada (26), Berkane (25), Driouch (14) et Guercif (08).<\/p>\n<p>Ces coop\u00e9ratives fournissent des produits destin\u00e9s aux march\u00e9s national et international, alors que les associations actives dans le secteur \u00e9taient, quant \u00e0 elles, au nombre de 157 avec 5.633 adh\u00e9rents et adh\u00e9rentes \u00e0 fin 2018, l\u2019ann\u00e9e durant laquelle les exportations des produits d\u2019artisanat via le port de Nador se sont chiffr\u00e9es \u00e0 42,20 millions de dirhams contre seulement 13,34 millions de dirhams en 2015, soit une \u00e9volution spectaculaire.<\/p>\n<p>Selon les responsables du secteur, la r\u00e9gion de l\u2019Oriental a connu \u00e0 partir de l\u2019ann\u00e9e 2010 une acc\u00e9l\u00e9ration impressionnante de la cadence de r\u00e9alisation d\u2019infrastructures d\u00e9di\u00e9es \u00e0 la promotion de l\u2019artisanat, des artisans et de la formation des apprentis en milieu urbain et ce, aussi bien dans la pr\u00e9fecture d\u2019Oujda-Angad que dans les provinces de la r\u00e9gion.<\/p>\n<p><img class=\"wp-image-12958 aligncenter\" data-src=\"http:\/\/www.mapoujda.ma\/map\/uploads\/2019\/06\/Coup-denvoi-de-la-3\u00e8me-\u00e9dition-du-SESS-M-750\u00d7430.jpg\" alt=\"\" width=\"523\" height=\"300\" srcset=\"http:\/\/www.mapoujda.ma\/map\/uploads\/2019\/06\/Coup-denvoi-de-la-3\u00e8me-\u00e9dition-du-SESS-M-750\u00d7430.jpg 750w, http:\/\/www.mapoujda.ma\/map\/uploads\/2019\/06\/Coup-denvoi-de-la-3\u00e8me-\u00e9dition-du-SESS-M-750\u00d7430-300x172.jpg 300w\" sizes=\"(max-width: 523px) 100vw, 523px\"\/><\/p>\n<p>Ces structures englobent, entre autres, des maisons de l\u2019artisan, des villages pour les artisans et des complexes int\u00e9gr\u00e9s d\u2019artisanat, en plus de cinq centres de qualification professionnelle des arts traditionnels (CQPAT) qui ont accueilli au titre de l\u2019ann\u00e9e 2018-2019 un total de 335 jeunes (232 filles) dans le cadre de la formation r\u00e9sidentielle ciblant plusieurs branches, alors que le nombre de laur\u00e9ats en 2017-2018 \u00e9tait de 106 dont 90 filles.<\/p>\n<p>Les artisans de la r\u00e9gion b\u00e9n\u00e9ficient aussi d\u2019autres types de formation, dont notamment la formation continue itin\u00e9rante des artisans par des unit\u00e9s mobiles de formation, qui a b\u00e9n\u00e9fici\u00e9 en 2018 \u00e0 280 personnes des provinces de Taourirt et Figuig, et le programme d\u2019alphab\u00e9tisation fonctionnelle qui a profit\u00e9 en 2016-2017 \u00e0 1.200 b\u00e9n\u00e9ficiaires.<\/p>\n<p>Le monde rural n\u2019est pas en reste, car au moins neuf centres destin\u00e9s aux femmes artisanes ont \u00e9t\u00e9 construits et \u00e9quip\u00e9s.<\/p>\n<p>Toutes ces r\u00e9alisations et les multiples initiatives men\u00e9es, ou programm\u00e9es, par le minist\u00e8re de tutelle et d\u2019autres partenaires et acteurs de la r\u00e9gion de l\u2019Oriental ont pour finalit\u00e9 d\u2019encourager la cr\u00e9ativit\u00e9 et l\u2019innovation chez les artisans et de mettre \u00e0 leur disposition les moyens n\u00e9cessaires pour promouvoir le secteur en tant que levier cl\u00e9 du d\u00e9veloppement, et d\u2019asseoir les bases solides d\u2019une v\u00e9ritable \u00e9conomie sociale et solidaire.<\/p>\n<p>Les expositions et les salons d\u2019artisanat organis\u00e9s au niveau de la r\u00e9gion (5 en 2018) servent de vitrine pour d\u00e9couvrir les avanc\u00e9es et les acquis enregistr\u00e9s dans le secteur en mati\u00e8re d\u2019innovation, d\u2019organisation, de commercialisation et d\u2019am\u00e9lioration des conditions de vie des artisans.<\/p>\n<p>Pour le directeur r\u00e9gional de l\u2019Artisanat, Khalid Dlimi ce genre d\u2019\u00e9v\u00e9nement s\u2019assigne pour objectifs de valoriser les produits artisanaux notamment ceux de la r\u00e9gion, d\u2019appuyer les artisans, d\u2019am\u00e9liorer leurs capacit\u00e9s et leurs sources de revenus et de les associer aux actions de d\u00e9veloppement local et au cycle \u00e9conomique dans la r\u00e9gion.<\/p>\n<p>Et d\u2019apr\u00e8s le pr\u00e9sident de la Chambre d\u2019artisanat de la r\u00e9gion de l\u2019Oriental, Driss Boujouala, la Chambre compte organiser, courant 2019, une quinzaine de salons dans les diff\u00e9rentes provinces de la r\u00e9gion dans le but de booster la contribution de ce secteur dans le d\u00e9veloppement \u00e9conomique et social et de lui permettre de jouer son r\u00f4le de levier du d\u00e9veloppement durable.<\/p>\n<\/div>\n<p>Auteur: Soufiane ELAHMAR<br \/>\n<a href=\"http:\/\/www.mapoujda.ma\/fr\/lartisanat-dans-loriental-un-levier-de-developpement-prometteur\/\">Cliquez ici pour lire l&rsquo;article depuis sa source.<\/a><\/p>\n","protected":false},"excerpt":{"rendered":"<p>Le secteur de l\u2019artisanat dans la r\u00e9gion de l\u2019Oriental a connu ces derni\u00e8res ann\u00e9es une \u00e9volution notable \u00e0 plusieurs niveaux \u00e0 la faveur d\u2019un ensemble d\u2019infrastructures et d\u2019actions cibl\u00e9es, visant \u00e0 am\u00e9liorer les performances de ce secteur pour en faire un levier de d\u00e9veloppement \u00e9conomique et social durable. En effet, l\u2019Oriental jouit d\u2019un riche potentiel [&hellip;]<\/p>\n","protected":false},"author":1788,"featured_media":43150,"comment_status":"closed","ping_status":"closed","sticky":false,"template":"","format":"standard","meta":{"fifu_image_url":"","fifu_image_alt":"","footnotes":""},"categories":[54,76],"tags":[],"class_list":["post-43149","post","type-post","status-publish","format-standard","has-post-thumbnail","hentry","category-maroc","category-regions"],"_links":{"self":[{"href":"https:\/\/linitiative.ca\/International\/wp-json\/wp\/v2\/posts\/43149","targetHints":{"allow":["GET"]}}],"collection":[{"href":"https:\/\/linitiative.ca\/International\/wp-json\/wp\/v2\/posts"}],"about":[{"href":"https:\/\/linitiative.ca\/International\/wp-json\/wp\/v2\/types\/post"}],"author":[{"embeddable":true,"href":"https:\/\/linitiative.ca\/International\/wp-json\/wp\/v2\/users\/1788"}],"replies":[{"embeddable":true,"href":"https:\/\/linitiative.ca\/International\/wp-json\/wp\/v2\/comments?post=43149"}],"version-history":[{"count":0,"href":"https:\/\/linitiative.ca\/International\/wp-json\/wp\/v2\/posts\/43149\/revisions"}],"wp:featuredmedia":[{"embeddable":true,"href":"https:\/\/linitiative.ca\/International\/wp-json\/"}],"wp:attachment":[{"href":"https:\/\/linitiative.ca\/International\/wp-json\/wp\/v2\/media?parent=43149"}],"wp:term":[{"taxonomy":"category","embeddable":true,"href":"https:\/\/linitiative.ca\/International\/wp-json\/wp\/v2\/categories?post=43149"},{"taxonomy":"post_tag","embeddable":true,"href":"https:\/\/linitiative.ca\/International\/wp-json\/wp\/v2\/tags?post=43149"}],"curies":[{"name":"wp","href":"https:\/\/api.w.org\/{rel}","templated":true}]}}