{"id":43221,"date":"2019-06-28T12:14:43","date_gmt":"2019-06-28T16:14:43","guid":{"rendered":"https:\/\/linitiative.ca\/International\/19e-vendredi-13-porteurs-du-drapeau-amazigh-arretes-par-la-police-a-bouira\/"},"modified":"2019-06-28T12:14:43","modified_gmt":"2019-06-28T16:14:43","slug":"19e-vendredi-13-porteurs-du-drapeau-amazigh-arretes-par-la-police-a-bouira","status":"publish","type":"post","link":"https:\/\/linitiative.ca\/International\/19e-vendredi-13-porteurs-du-drapeau-amazigh-arretes-par-la-police-a-bouira\/","title":{"rendered":"19e vendredi : 13 porteurs du drapeau amazigh arr\u00eat\u00e9s par la police \u00e0 Bouira"},"content":{"rendered":"<h4 class=\"title-14\"\/>\n<div class=\"featured_image\"><img width=\"1548\" height=\"1161\" data-cfsrc=\"https:\/\/www.elwatan.com\/wp-content\/uploads\/2019\/06\/bouira.jpg\" class=\"attachment-post-thumbnail size-post-thumbnail wp-post-image c1\" alt=\"\" srcset=\"https:\/\/www.elwatan.com\/wp-content\/uploads\/2019\/06\/bouira.jpg 1548w, https:\/\/www.elwatan.com\/wp-content\/uploads\/2019\/06\/bouira-300x225.jpg 300w, https:\/\/www.elwatan.com\/wp-content\/uploads\/2019\/06\/bouira-768x576.jpg 768w, https:\/\/www.elwatan.com\/wp-content\/uploads\/2019\/06\/bouira-1024x768.jpg 1024w, https:\/\/www.elwatan.com\/wp-content\/uploads\/2019\/06\/bouira-1320x990.jpg 1320w\" sizes=\"(max-width: 1548px) 100vw, 1548px\"\/><noscript><\/p>\n<p><img loading=\"lazy\" decoding=\"async\" width=\"1548\" height=\"1161\" src=\"https:\/\/www.elwatan.com\/wp-content\/uploads\/2019\/06\/bouira.jpg\" class=\"attachment-post-thumbnail size-post-thumbnail wp-post-image\" alt=\"\" srcset=\"https:\/\/www.elwatan.com\/wp-content\/uploads\/2019\/06\/bouira.jpg 1548w, https:\/\/www.elwatan.com\/wp-content\/uploads\/2019\/06\/bouira-300x225.jpg 300w, https:\/\/www.elwatan.com\/wp-content\/uploads\/2019\/06\/bouira-768x576.jpg 768w, https:\/\/www.elwatan.com\/wp-content\/uploads\/2019\/06\/bouira-1024x768.jpg 1024w, https:\/\/www.elwatan.com\/wp-content\/uploads\/2019\/06\/bouira-1320x990.jpg 1320w\" sizes=\"auto, (max-width: 1548px) 100vw, 1548px\"\/><\/p>\n<p><\/noscript> <span class=\"featured-image-caption\">Bouira, 19e vendredi. Photo : Amar F<\/span><\/div>\n<p>Les services de s\u00e9curit\u00e9 de la wilaya de Bouira ont proc\u00e9d\u00e9 en fin d\u2019apr\u00e8s-midi de ce vendredi, \u00e0 l\u2019arrestation de 13 manifestants porteurs de drapeau Amazigh.<\/p>\n<p>Les personnes arr\u00eat\u00e9es ont \u00e9t\u00e9 emmen\u00e9es vers le commissariat central. Contrairement aux vendredis pass\u00e9s, un dispositif important de services de police, a \u00e9t\u00e9 d\u00e9ploy\u00e9, \u00e0 l\u2019occasion de la marche de ce 19e vendredi, a-t-on constat\u00e9 sur place.<\/p>\n<p>Malgr\u00e9 la chaleur qui n\u2019incitait pas vraiment \u00e0 sortir, plus de 2000 personnes ont manifest\u00e9 dans les rues de la ville. La foule a d\u00e9ploy\u00e9 en force l\u2019embl\u00e8me berb\u00e8re. La police a d\u00e9cid\u00e9 de recourir \u00e0 ces arrestations apr\u00e8s la marche.\u00a0Les personnes arr\u00eat\u00e9es ne sont pas encore rel\u00e2ch\u00e9es.<\/p>\n<p>En plus des slogans politiques, les marcheurs ont d\u00e9nonc\u00e9 les tentatives de division.<\/p>\n<p><span class=\"post-views-label\">Post Views:<\/span> <span class=\"post-views-count\">1\u00a0609<\/span><\/p>\n<p>Auteur: Farouk Djouadi<br \/>\n<a href=\"https:\/\/www.elwatan.com\/edition\/actualite\/19e-vendredi-13-porteurs-du-drapeau-amazigh-arretes-par-la-police-a-bouira-28-06-2019\">Cliquez ici pour lire l&rsquo;article depuis sa source.<\/a><\/p>\n","protected":false},"excerpt":{"rendered":"<p>Bouira, 19e vendredi. Photo : Amar F Les services de s\u00e9curit\u00e9 de la wilaya de Bouira ont proc\u00e9d\u00e9 en fin d\u2019apr\u00e8s-midi de ce vendredi, \u00e0 l\u2019arrestation de 13 manifestants porteurs de drapeau Amazigh. Les personnes arr\u00eat\u00e9es ont \u00e9t\u00e9 emmen\u00e9es vers le commissariat central. Contrairement aux vendredis pass\u00e9s, un dispositif important de services de police, a [&hellip;]<\/p>\n","protected":false},"author":1743,"featured_media":43222,"comment_status":"closed","ping_status":"closed","sticky":false,"template":"","format":"standard","meta":{"fifu_image_url":"","fifu_image_alt":"","footnotes":""},"categories":[73,53],"tags":[],"class_list":["post-43221","post","type-post","status-publish","format-standard","has-post-thumbnail","hentry","category-actualite","category-algerie"],"_links":{"self":[{"href":"https:\/\/linitiative.ca\/International\/wp-json\/wp\/v2\/posts\/43221","targetHints":{"allow":["GET"]}}],"collection":[{"href":"https:\/\/linitiative.ca\/International\/wp-json\/wp\/v2\/posts"}],"about":[{"href":"https:\/\/linitiative.ca\/International\/wp-json\/wp\/v2\/types\/post"}],"author":[{"embeddable":true,"href":"https:\/\/linitiative.ca\/International\/wp-json\/wp\/v2\/users\/1743"}],"replies":[{"embeddable":true,"href":"https:\/\/linitiative.ca\/International\/wp-json\/wp\/v2\/comments?post=43221"}],"version-history":[{"count":0,"href":"https:\/\/linitiative.ca\/International\/wp-json\/wp\/v2\/posts\/43221\/revisions"}],"wp:featuredmedia":[{"embeddable":true,"href":"https:\/\/linitiative.ca\/International\/wp-json\/"}],"wp:attachment":[{"href":"https:\/\/linitiative.ca\/International\/wp-json\/wp\/v2\/media?parent=43221"}],"wp:term":[{"taxonomy":"category","embeddable":true,"href":"https:\/\/linitiative.ca\/International\/wp-json\/wp\/v2\/categories?post=43221"},{"taxonomy":"post_tag","embeddable":true,"href":"https:\/\/linitiative.ca\/International\/wp-json\/wp\/v2\/tags?post=43221"}],"curies":[{"name":"wp","href":"https:\/\/api.w.org\/{rel}","templated":true}]}}