{"id":43245,"date":"2019-06-28T07:17:15","date_gmt":"2019-06-28T11:17:15","guid":{"rendered":"https:\/\/linitiative.ca\/International\/can-2019-une-carte-du-maroc-tronquee-de-son-sahara-sur-la-page-officielle-de-lac-milan\/"},"modified":"2019-06-28T07:17:15","modified_gmt":"2019-06-28T11:17:15","slug":"can-2019-une-carte-du-maroc-tronquee-de-son-sahara-sur-la-page-officielle-de-lac-milan","status":"publish","type":"post","link":"https:\/\/linitiative.ca\/International\/can-2019-une-carte-du-maroc-tronquee-de-son-sahara-sur-la-page-officielle-de-lac-milan\/","title":{"rendered":"CAN 2019 : Une carte du Maroc tronqu\u00e9e de son Sahara sur la page officielle de l\u2019AC Milan"},"content":{"rendered":"<p>Apr\u00e8s l\u2019ouverture d\u2019une acad\u00e9mie de football par l\u2019AC Milan, il y a deux ans \u00e0 La\u00e2youne qui a \u00e9t\u00e9 accueillie \u00e0 bras ouverts par les autorit\u00e9s marocaines, l\u2019\u00e9quipe italienne lance une publication sur leurs page officielle Facebook avec une carte du Maroc tronqu\u00e9e de son Sahara pour l\u2019affiche du pr\u00e9-match qui va opposer le Maroc \u00e0 la <span class=\"st\">C\u00f4te d\u2019Ivoire<\/span> en titrant \u00ab\u00a0Qui peut arr\u00eater les El\u00e9phants?! Une autre victoire de la journ\u00e9e donne la premi\u00e8re place \u00e0 Kessie et ses co\u00e9quipiers du groupe D\u00a0\u00bb .<\/p>\n<div class=\"c10\"\/>\n<p><img loading=\"lazy\" decoding=\"async\" class=\"alignnone size-full wp-image-111576\" src=\"https:\/\/www.challenge.ma\/wp-content\/uploads\/2019\/06\/ac-milan.jpg\" alt=\"\" width=\"755\" height=\"538\" srcset=\"https:\/\/www.challenge.ma\/wp-content\/uploads\/2019\/06\/ac-milan.jpg 755w, https:\/\/www.challenge.ma\/wp-content\/uploads\/2019\/06\/ac-milan-300x214.jpg 300w, https:\/\/www.challenge.ma\/wp-content\/uploads\/2019\/06\/ac-milan-360x257.jpg 360w, https:\/\/www.challenge.ma\/wp-content\/uploads\/2019\/06\/ac-milan-750x534.jpg 750w\" sizes=\"auto, (max-width: 755px) 100vw, 755px\"\/><\/p>\n<p>Une publication qui vient juste apr\u00e8s la publication du vid\u00e9oclip de la chanson officielle de la CAN 2019 qui a pr\u00e9senter une carte du Maroc et un drapeau de la \u00abRASD\u00bb. Cette affaire a fait r\u00e9agir l\u2019ambassadeur \u00e9gyptien \u00e0 Rabat, la CAF et le comit\u00e9 d\u2019organisation de la grand-messe footballistique et qui a causer un incident diplomatique.<\/p>\n<div class=\"c17\">\n<fieldset class=\"c16\">\n<legend><strong><span class=\"c11\">Challenge<\/span><span class=\"c12\">news<\/span><\/strong><\/legend>\n<div class=\"c15\">Le meilleur de la r\u00e9daction s\u00e9lectionn\u00e9 par Challenge :<\/p>\n<\/div>\n<\/fieldset>\n<\/div>\n<p>Auteur: Hajar DARI<br \/>\n<a href=\"https:\/\/www.challenge.ma\/can-2019-une-carte-du-maroc-tronquee-de-son-sahara-sur-la-page-officielle-de-lac-milan-111573\/\">Cliquez ici pour lire l&rsquo;article depuis sa source.<\/a><\/p>\n","protected":false},"excerpt":{"rendered":"<p>Apr\u00e8s l\u2019ouverture d\u2019une acad\u00e9mie de football par l\u2019AC Milan, il y a deux ans \u00e0 La\u00e2youne qui a \u00e9t\u00e9 accueillie \u00e0 bras ouverts par les autorit\u00e9s marocaines, l\u2019\u00e9quipe italienne lance une publication sur leurs page officielle Facebook avec une carte du Maroc tronqu\u00e9e de son Sahara pour l\u2019affiche du pr\u00e9-match qui va opposer le Maroc [&hellip;]<\/p>\n","protected":false},"author":1787,"featured_media":43246,"comment_status":"closed","ping_status":"closed","sticky":false,"template":"","format":"standard","meta":{"fifu_image_url":"","fifu_image_alt":"","footnotes":""},"categories":[78,54],"tags":[],"class_list":["post-43245","post","type-post","status-publish","format-standard","has-post-thumbnail","hentry","category-economie","category-maroc"],"_links":{"self":[{"href":"https:\/\/linitiative.ca\/International\/wp-json\/wp\/v2\/posts\/43245","targetHints":{"allow":["GET"]}}],"collection":[{"href":"https:\/\/linitiative.ca\/International\/wp-json\/wp\/v2\/posts"}],"about":[{"href":"https:\/\/linitiative.ca\/International\/wp-json\/wp\/v2\/types\/post"}],"author":[{"embeddable":true,"href":"https:\/\/linitiative.ca\/International\/wp-json\/wp\/v2\/users\/1787"}],"replies":[{"embeddable":true,"href":"https:\/\/linitiative.ca\/International\/wp-json\/wp\/v2\/comments?post=43245"}],"version-history":[{"count":0,"href":"https:\/\/linitiative.ca\/International\/wp-json\/wp\/v2\/posts\/43245\/revisions"}],"wp:featuredmedia":[{"embeddable":true,"href":"https:\/\/linitiative.ca\/International\/wp-json\/"}],"wp:attachment":[{"href":"https:\/\/linitiative.ca\/International\/wp-json\/wp\/v2\/media?parent=43245"}],"wp:term":[{"taxonomy":"category","embeddable":true,"href":"https:\/\/linitiative.ca\/International\/wp-json\/wp\/v2\/categories?post=43245"},{"taxonomy":"post_tag","embeddable":true,"href":"https:\/\/linitiative.ca\/International\/wp-json\/wp\/v2\/tags?post=43245"}],"curies":[{"name":"wp","href":"https:\/\/api.w.org\/{rel}","templated":true}]}}