{"id":43261,"date":"2019-06-28T11:55:43","date_gmt":"2019-06-28T15:55:43","guid":{"rendered":"https:\/\/linitiative.ca\/International\/tunisie-sahbi-ben-fraj-la-presidence-de-la-republique-a-commis-une-erreur-de-communication\/"},"modified":"2019-06-28T11:55:43","modified_gmt":"2019-06-28T15:55:43","slug":"tunisie-sahbi-ben-fraj-la-presidence-de-la-republique-a-commis-une-erreur-de-communication","status":"publish","type":"post","link":"https:\/\/linitiative.ca\/International\/tunisie-sahbi-ben-fraj-la-presidence-de-la-republique-a-commis-une-erreur-de-communication\/","title":{"rendered":"Tunisie- Sahbi Ben Fraj : \u201d La Pr\u00e9sidence de la r\u00e9publique a commis une erreur de communication\u201d"},"content":{"rendered":"<div class=\"post-cont-in left relative\">\n<div class=\"swp_social_panel swp_horizontal_panel swp_flat_fresh swp_default_full_color swp_individual_full_color swp_other_full_color scale-100 scale-\" data-min-width=\"1100\" data-float-color=\"#ffffff\" data-float=\"none\" data-float-mobile=\"none\" data-transition=\"slide\">\n<div class=\"nc_tweetContainer swp_share_button total_shares total_sharesalt\"><span class=\"swp_count\">27 <span class=\"swp_label\">Partages<\/span><\/span><\/div>\n<\/div>\n<p>Le d\u00e9put\u00e9\u00a0Coalition Nationale, Sahbi Ben Fraj a d\u00e9clar\u00e9, lors de sa pr\u00e9sence \u00e0 Tunisienumerique ce vendredi 28 juin 2019 que la pr\u00e9sidence de la r\u00e9publique a commis une erreur inacceptable en publiant les communiqu\u00e9s concernant\u00a0l\u2019\u00e9tat de sant\u00e9 de B\u00e9ji Ca\u00efd Essebsi au\u00a0m\u00eame moment\u00a0que les\u00a0attentats perp\u00e9tr\u00e9s au centre-ville hier. Il a ajout\u00e9 que la pr\u00e9sidence de la R\u00e9publique devait tenir compte de la situation du pays.<\/p>\n<p>M.Ben Fraj a, dans ce contexte, affirm\u00e9 que l\u2019\u00e9tat de sant\u00e9 de Beji Ca\u00efd Sebsi est stable soulignant qu\u2019il a d\u00e9pass\u00e9 une crise aigu\u00eb et qu\u2019il est conscient aujourd\u2019hui.<\/p>\n<div class=\"code-block code-block-1 c3\"><ins class=\"adsbygoogle c2\" data-ad-layout=\"in-article\" data-ad-format=\"fluid\" data-ad-client=\"ca-pub-2102118777505746\" data-ad-slot=\"7301775417\"\/> <\/div>\n<div class=\"mvp-org-wrap mvp-org-logo\" itemprop=\"publisher\" itemscope=\"\" itemtype=\"https:\/\/schema.org\/Organization\"><img decoding=\"async\" src=\"https:\/\/www.tunisienumerique.com\/wp-content\/uploads\/2017\/02\/logo_tunisie_numerique.png\"\/><\/div>\n<div class=\"swp_social_panel swp_horizontal_panel swp_flat_fresh swp_default_full_color swp_individual_full_color swp_other_full_color scale-100 scale-\" data-min-width=\"1100\" data-float-color=\"#ffffff\" data-float=\"none\" data-float-mobile=\"none\" data-transition=\"slide\">\n<div class=\"nc_tweetContainer swp_share_button total_shares total_sharesalt\"><span class=\"swp_count\">27 <span class=\"swp_label\">Partages<\/span><\/span><\/div>\n<\/div>\n<div class=\"mvp-related-posts left relative\">\n<h4 class=\"post-header\"><span class=\"post-header\">Lire aussi<\/span><\/h4>\n<\/div>\n<\/div>\n<p>Auteur: Laameri Dorsaf<br \/>\n<a href=\"https:\/\/www.tunisienumerique.com\/tunisie-sahbi-ben-fraj-la-presidence-de-la-republique-a-commis-une-erreur-de-communication\/\">Cliquez ici pour lire l&rsquo;article depuis sa source.<\/a><\/p>\n","protected":false},"excerpt":{"rendered":"<p>27 Partages Le d\u00e9put\u00e9\u00a0Coalition Nationale, Sahbi Ben Fraj a d\u00e9clar\u00e9, lors de sa pr\u00e9sence \u00e0 Tunisienumerique ce vendredi 28 juin 2019 que la pr\u00e9sidence de la r\u00e9publique a commis une erreur inacceptable en publiant les communiqu\u00e9s concernant\u00a0l\u2019\u00e9tat de sant\u00e9 de B\u00e9ji Ca\u00efd Essebsi au\u00a0m\u00eame moment\u00a0que les\u00a0attentats perp\u00e9tr\u00e9s au centre-ville hier. Il a ajout\u00e9 que la [&hellip;]<\/p>\n","protected":false},"author":1789,"featured_media":43262,"comment_status":"closed","ping_status":"closed","sticky":false,"template":"","format":"standard","meta":{"fifu_image_url":"","fifu_image_alt":"","footnotes":""},"categories":[73,55],"tags":[],"class_list":["post-43261","post","type-post","status-publish","format-standard","has-post-thumbnail","hentry","category-actualite","category-tunisie"],"_links":{"self":[{"href":"https:\/\/linitiative.ca\/International\/wp-json\/wp\/v2\/posts\/43261","targetHints":{"allow":["GET"]}}],"collection":[{"href":"https:\/\/linitiative.ca\/International\/wp-json\/wp\/v2\/posts"}],"about":[{"href":"https:\/\/linitiative.ca\/International\/wp-json\/wp\/v2\/types\/post"}],"author":[{"embeddable":true,"href":"https:\/\/linitiative.ca\/International\/wp-json\/wp\/v2\/users\/1789"}],"replies":[{"embeddable":true,"href":"https:\/\/linitiative.ca\/International\/wp-json\/wp\/v2\/comments?post=43261"}],"version-history":[{"count":0,"href":"https:\/\/linitiative.ca\/International\/wp-json\/wp\/v2\/posts\/43261\/revisions"}],"wp:featuredmedia":[{"embeddable":true,"href":"https:\/\/linitiative.ca\/International\/wp-json\/"}],"wp:attachment":[{"href":"https:\/\/linitiative.ca\/International\/wp-json\/wp\/v2\/media?parent=43261"}],"wp:term":[{"taxonomy":"category","embeddable":true,"href":"https:\/\/linitiative.ca\/International\/wp-json\/wp\/v2\/categories?post=43261"},{"taxonomy":"post_tag","embeddable":true,"href":"https:\/\/linitiative.ca\/International\/wp-json\/wp\/v2\/tags?post=43261"}],"curies":[{"name":"wp","href":"https:\/\/api.w.org\/{rel}","templated":true}]}}