{"id":43327,"date":"2019-06-29T10:58:23","date_gmt":"2019-06-29T14:58:23","guid":{"rendered":"https:\/\/linitiative.ca\/International\/la-chasse-engagee-depuis-jeudi-493-descentes-et-25-presumes-terroristes-arretes\/"},"modified":"2019-06-29T10:58:23","modified_gmt":"2019-06-29T14:58:23","slug":"la-chasse-engagee-depuis-jeudi-493-descentes-et-25-presumes-terroristes-arretes","status":"publish","type":"post","link":"https:\/\/linitiative.ca\/International\/la-chasse-engagee-depuis-jeudi-493-descentes-et-25-presumes-terroristes-arretes\/","title":{"rendered":"La chasse engag\u00e9e depuis jeudi : 493 descentes et 25 pr\u00e9sum\u00e9s terroristes arr\u00eat\u00e9s"},"content":{"rendered":"<p>Entre la nuit de jeudi \u00e0 vendredi, les unit\u00e9s s\u00e9curitaires ont effectu\u00e9 493 descentes ayant abouti \u00e0 l\u2019interpellation de 25 \u00e9l\u00e9ments recherch\u00e9s pour suspicion d\u2019appartenance \u00e0 une organisation terroriste, apologie du terrorisme et infraction terroriste.<\/p>\n<div>Dans un communiqu\u00e9, le minist\u00e8re de l\u2019Int\u00e9rieur affirme que les investigations se poursuivent \u00e0 leur sujet. Ces op\u00e9rations s\u00e9curitaires s\u2019inscrivent dans le cadre des efforts continus des forces s\u00e9curitaires de d\u00e9manteler les groupes terroristes recherch\u00e9s par la Justice.<\/div>\n<p class=\"dpsp-share-text\">Partager c&rsquo;est aimer!<\/p>\n<div class=\"wp-post-author-wrap wp-post-author-shortcode left\">\n<h3 class=\"awpa-title\"\/>\n<div class=\"wp-post-author\">\n<div class=\"awpa-img awpa-author-block square\"><a href=\"http:\/\/lexpertjournal.net\/fr\/author\/expert\/\"><img loading=\"lazy\" decoding=\"async\" alt=\"\" src=\"http:\/\/2.gravatar.com\/avatar\/56d99be2a6f97af88ccb49fada637fcd?s=150&#038;d=mm&#038;r=g\" srcset=\"http:\/\/2.gravatar.com\/avatar\/56d99be2a6f97af88ccb49fada637fcd?s=300&#038;d=mm&#038;r=g 2x\" class=\"avatar avatar-150 photo\" height=\"150\" width=\"150\"\/><\/a><\/div>\n<\/div>\n<\/div>\n<p>Auteur: L&rsquo;expert<br \/>\n<a href=\"http:\/\/lexpertjournal.net\/fr\/2019\/06\/29\/la-chasse-engagee-depuis-jeudi-493-descentes-et-25-presumes-terroristes-arretes\/\">Cliquez ici pour lire l&rsquo;article depuis sa source.<\/a><\/p>\n","protected":false},"excerpt":{"rendered":"<p>Entre la nuit de jeudi \u00e0 vendredi, les unit\u00e9s s\u00e9curitaires ont effectu\u00e9 493 descentes ayant abouti \u00e0 l\u2019interpellation de 25 \u00e9l\u00e9ments recherch\u00e9s pour suspicion d\u2019appartenance \u00e0 une organisation terroriste, apologie du terrorisme et infraction terroriste. Dans un communiqu\u00e9, le minist\u00e8re de l\u2019Int\u00e9rieur affirme que les investigations se poursuivent \u00e0 leur sujet. Ces op\u00e9rations s\u00e9curitaires s\u2019inscrivent [&hellip;]<\/p>\n","protected":false},"author":1775,"featured_media":0,"comment_status":"closed","ping_status":"closed","sticky":false,"template":"","format":"standard","meta":{"fifu_image_url":"","fifu_image_alt":"","footnotes":""},"categories":[78,55],"tags":[],"class_list":["post-43327","post","type-post","status-publish","format-standard","hentry","category-economie","category-tunisie"],"_links":{"self":[{"href":"https:\/\/linitiative.ca\/International\/wp-json\/wp\/v2\/posts\/43327","targetHints":{"allow":["GET"]}}],"collection":[{"href":"https:\/\/linitiative.ca\/International\/wp-json\/wp\/v2\/posts"}],"about":[{"href":"https:\/\/linitiative.ca\/International\/wp-json\/wp\/v2\/types\/post"}],"author":[{"embeddable":true,"href":"https:\/\/linitiative.ca\/International\/wp-json\/wp\/v2\/users\/1775"}],"replies":[{"embeddable":true,"href":"https:\/\/linitiative.ca\/International\/wp-json\/wp\/v2\/comments?post=43327"}],"version-history":[{"count":0,"href":"https:\/\/linitiative.ca\/International\/wp-json\/wp\/v2\/posts\/43327\/revisions"}],"wp:attachment":[{"href":"https:\/\/linitiative.ca\/International\/wp-json\/wp\/v2\/media?parent=43327"}],"wp:term":[{"taxonomy":"category","embeddable":true,"href":"https:\/\/linitiative.ca\/International\/wp-json\/wp\/v2\/categories?post=43327"},{"taxonomy":"post_tag","embeddable":true,"href":"https:\/\/linitiative.ca\/International\/wp-json\/wp\/v2\/tags?post=43327"}],"curies":[{"name":"wp","href":"https:\/\/api.w.org\/{rel}","templated":true}]}}