{"id":43329,"date":"2019-06-29T11:49:48","date_gmt":"2019-06-29T15:49:48","guid":{"rendered":"https:\/\/linitiative.ca\/International\/caravane-des-villes-intelligentes-un-long-periple-pour-des-villes-plus-attractives\/"},"modified":"2019-06-29T11:49:48","modified_gmt":"2019-06-29T15:49:48","slug":"caravane-des-villes-intelligentes-un-long-periple-pour-des-villes-plus-attractives","status":"publish","type":"post","link":"https:\/\/linitiative.ca\/International\/caravane-des-villes-intelligentes-un-long-periple-pour-des-villes-plus-attractives\/","title":{"rendered":"Caravane des villes intelligentes : Un long p\u00e9riple pour des villes plus attractives"},"content":{"rendered":"<p>C\u2019est dans le cadre du programme national des villes intelligentes et durables que le minist\u00e8re des Technologies de la communication et de l\u2019\u00e9conomie num\u00e9rique Tunisien a organis\u00e9 une conf\u00e9rence de presse pour pr\u00e9senter le programme et les objectifs de la caravane nationale des villes intelligentes et les entreprises \u00e9mergentes dans sa deuxi\u00e8me version, jeudi 27 juin 2019, sous la supervision du M. Anouar Maarouf, ministre des technologies de la communication et de l\u2019\u00e9conomie num\u00e9rique. Cette manifestation se d\u00e9roule en collaboration avec l\u2019Association tunisienne des villes intelligentes et l\u2019Association Bizerte 2050 ainsi que le minist\u00e8re des Affaires locales et de l\u2019environnement, le minist\u00e8re du D\u00e9veloppement, de l\u2019Investissement et de la Coop\u00e9ration internationale<\/p>\n<div>Le d\u00e9marrage des activit\u00e9s de cette deuxi\u00e8me version de la caravane nationale des villes intelligentes repr\u00e9sente une occasion pour sensibiliser les acteurs sociaux et \u00e9conomiques au concept des villes intelligentes et au sujet du d\u00e9veloppement intelligent et durable dans les r\u00e9gions. Elle va, en outre, participer \u00e0 la propagation de l\u2019exp\u00e9rience \u00ab Bizerte ville intelligente \u00bb sur le plan national vue son unicit\u00e9. En fait, cette derni\u00e8re a \u00e9t\u00e9 encourag\u00e9e par les autorit\u00e9s locales et nationales, mise \u00e0 part les prix nationaux et internationaux qu\u2019elle les a eu. Il est aussi \u00e0 noter que Bizerte a commenc\u00e9 \u00e0 mettre les premi\u00e8res composantes vers la cr\u00e9ation d\u2019une ville intelligente.La caravane a d\u00e9marr\u00e9 jeudi et s\u2019est poursuivie vendredi, en faisant le tour des villes de : Beja, Siliana, Kasserine, Sidi Bouzid, Gafsa, M\u00e9denine, K\u00e9bili, Tataouine, Djerba, Monastir, Zarzis, Zaghouan, Nabeul et Tunis. Ce programme national des villes intelligentes vise \u00e0 la cr\u00e9ation des villes beaucoup plus attractives pour assurer un d\u00e9veloppement durable et global. De plus, cela permet d\u2019am\u00e9liorer l\u2019interaction entre les autorit\u00e9s publiques et les citoyens et d\u2019instaurer la culture de la d\u00e9mocratie participative surtout apr\u00e8s les transformations qu\u2019elles sont en train de vivre les diff\u00e9rentes villes tunisiennes et des d\u00e9fis rencontr\u00e9s dans diff\u00e9rents domaines et qui sont en relation directe avec le services propos\u00e9s aux citoyens. La cl\u00f4ture des travaux de cette caravane est programm\u00e9e pour le 05 juillet en pr\u00e9sence de M. Mokhtar Hammami, ministre des Affaires locales et de l\u2019Environnement.<\/div>\n<p class=\"dpsp-share-text\">Partager c&rsquo;est aimer!<\/p>\n<div class=\"wp-post-author-wrap wp-post-author-shortcode left\">\n<h3 class=\"awpa-title\"\/>\n<div class=\"wp-post-author\">\n<div class=\"awpa-img awpa-author-block square\"><a href=\"http:\/\/lexpertjournal.net\/fr\/author\/expert\/\"><img loading=\"lazy\" decoding=\"async\" alt=\"\" src=\"http:\/\/2.gravatar.com\/avatar\/56d99be2a6f97af88ccb49fada637fcd?s=150&#038;d=mm&#038;r=g\" srcset=\"http:\/\/2.gravatar.com\/avatar\/56d99be2a6f97af88ccb49fada637fcd?s=300&#038;d=mm&#038;r=g 2x\" class=\"avatar avatar-150 photo\" height=\"150\" width=\"150\"\/><\/a><\/div>\n<\/div>\n<\/div>\n<p>Auteur: L&rsquo;expert<br \/>\n<a href=\"http:\/\/lexpertjournal.net\/fr\/2019\/06\/29\/caravane-des-villes-intelligentes-un-long-periple-pour-des-villes-plus-attractives\/\">Cliquez ici pour lire l&rsquo;article depuis sa source.<\/a><\/p>\n","protected":false},"excerpt":{"rendered":"<p>C\u2019est dans le cadre du programme national des villes intelligentes et durables que le minist\u00e8re des Technologies de la communication et de l\u2019\u00e9conomie num\u00e9rique Tunisien a organis\u00e9 une conf\u00e9rence de presse pour pr\u00e9senter le programme et les objectifs de la caravane nationale des villes intelligentes et les entreprises \u00e9mergentes dans sa deuxi\u00e8me version, jeudi 27 [&hellip;]<\/p>\n","protected":false},"author":1775,"featured_media":0,"comment_status":"closed","ping_status":"closed","sticky":false,"template":"","format":"standard","meta":{"fifu_image_url":"","fifu_image_alt":"","footnotes":""},"categories":[78,55],"tags":[],"class_list":["post-43329","post","type-post","status-publish","format-standard","hentry","category-economie","category-tunisie"],"_links":{"self":[{"href":"https:\/\/linitiative.ca\/International\/wp-json\/wp\/v2\/posts\/43329","targetHints":{"allow":["GET"]}}],"collection":[{"href":"https:\/\/linitiative.ca\/International\/wp-json\/wp\/v2\/posts"}],"about":[{"href":"https:\/\/linitiative.ca\/International\/wp-json\/wp\/v2\/types\/post"}],"author":[{"embeddable":true,"href":"https:\/\/linitiative.ca\/International\/wp-json\/wp\/v2\/users\/1775"}],"replies":[{"embeddable":true,"href":"https:\/\/linitiative.ca\/International\/wp-json\/wp\/v2\/comments?post=43329"}],"version-history":[{"count":0,"href":"https:\/\/linitiative.ca\/International\/wp-json\/wp\/v2\/posts\/43329\/revisions"}],"wp:attachment":[{"href":"https:\/\/linitiative.ca\/International\/wp-json\/wp\/v2\/media?parent=43329"}],"wp:term":[{"taxonomy":"category","embeddable":true,"href":"https:\/\/linitiative.ca\/International\/wp-json\/wp\/v2\/categories?post=43329"},{"taxonomy":"post_tag","embeddable":true,"href":"https:\/\/linitiative.ca\/International\/wp-json\/wp\/v2\/tags?post=43329"}],"curies":[{"name":"wp","href":"https:\/\/api.w.org\/{rel}","templated":true}]}}