{"id":43330,"date":"2019-06-29T12:07:15","date_gmt":"2019-06-29T16:07:15","guid":{"rendered":"https:\/\/linitiative.ca\/International\/la-chasse-aux-extremistes-engagee-demantelement-dune-cellule-takfiriste-a-menzel-jemil\/"},"modified":"2019-06-29T12:07:15","modified_gmt":"2019-06-29T16:07:15","slug":"la-chasse-aux-extremistes-engagee-demantelement-dune-cellule-takfiriste-a-menzel-jemil","status":"publish","type":"post","link":"https:\/\/linitiative.ca\/International\/la-chasse-aux-extremistes-engagee-demantelement-dune-cellule-takfiriste-a-menzel-jemil\/","title":{"rendered":"La chasse aux extr\u00e9mistes engag\u00e9e : D\u00e9mant\u00e8lement d\u2019une cellule takfiriste \u00e0 Menzel J\u00e9mil"},"content":{"rendered":"<p>Les unit\u00e9s s\u00e9curitaires \u00e0 Bizerte ont r\u00e9ussi, jeudi soir, \u00e0 d\u00e9manteler une cellule takfiriste \u00e0 Menzel J\u00e9mil.<\/p>\n<div>Selon une source s\u00e9curitaire, les membres de cette cellule (4 individus) ont \u00e9t\u00e9 appr\u00e9hend\u00e9s pour avoir pr\u00eat\u00e9 all\u00e9geance \u00e0 l\u2019organisation terroriste Daech et glorifi\u00e9 les attaques terroristes visant les forces s\u00e9curitaires et militaires.Elle a indiqu\u00e9 que ces membres, originaires de l\u2019ouest de Bizerte, sont venus s\u2019installer \u00e0 Menzel Jamil o\u00f9 ils ont lou\u00e9 un logement.Les suspects ont \u00e9t\u00e9 arr\u00eat\u00e9s en possession de documents incitant au terrorisme ainsi que des t\u00e9l\u00e9phones portables contenant des preuves d\u00e9voilant leur lien avec des terroristes en Tunisie et \u00e0 l\u2019\u00e9tranger, a ajout\u00e9 la m\u00eame source.Les 4 individus ont \u00e9t\u00e9 plac\u00e9s en garde \u00e0 vue avant d\u2019\u00eatre transf\u00e9r\u00e9s au p\u00f4le judiciaire de lutte contre le terrorisme, a soulign\u00e9 la m\u00eame source.<\/div>\n<p class=\"dpsp-share-text\">Partager c&rsquo;est aimer!<\/p>\n<div class=\"wp-post-author-wrap wp-post-author-shortcode left\">\n<h3 class=\"awpa-title\"\/>\n<div class=\"wp-post-author\">\n<div class=\"awpa-img awpa-author-block square\"><a href=\"http:\/\/lexpertjournal.net\/fr\/author\/expert\/\"><img loading=\"lazy\" decoding=\"async\" alt=\"\" src=\"http:\/\/2.gravatar.com\/avatar\/56d99be2a6f97af88ccb49fada637fcd?s=150&#038;d=mm&#038;r=g\" srcset=\"http:\/\/2.gravatar.com\/avatar\/56d99be2a6f97af88ccb49fada637fcd?s=300&#038;d=mm&#038;r=g 2x\" class=\"avatar avatar-150 photo\" height=\"150\" width=\"150\"\/><\/a><\/div>\n<\/div>\n<\/div>\n<p>Auteur: L&rsquo;expert<br \/>\n<a href=\"http:\/\/lexpertjournal.net\/fr\/2019\/06\/29\/la-chasse-aux-extremistes-engagee-demantelement-dune-cellule-takfiriste-a-menzel-jemil\/\">Cliquez ici pour lire l&rsquo;article depuis sa source.<\/a><\/p>\n","protected":false},"excerpt":{"rendered":"<p>Les unit\u00e9s s\u00e9curitaires \u00e0 Bizerte ont r\u00e9ussi, jeudi soir, \u00e0 d\u00e9manteler une cellule takfiriste \u00e0 Menzel J\u00e9mil. Selon une source s\u00e9curitaire, les membres de cette cellule (4 individus) ont \u00e9t\u00e9 appr\u00e9hend\u00e9s pour avoir pr\u00eat\u00e9 all\u00e9geance \u00e0 l\u2019organisation terroriste Daech et glorifi\u00e9 les attaques terroristes visant les forces s\u00e9curitaires et militaires.Elle a indiqu\u00e9 que ces membres, [&hellip;]<\/p>\n","protected":false},"author":1775,"featured_media":0,"comment_status":"closed","ping_status":"closed","sticky":false,"template":"","format":"standard","meta":{"fifu_image_url":"","fifu_image_alt":"","footnotes":""},"categories":[78,55],"tags":[],"class_list":["post-43330","post","type-post","status-publish","format-standard","hentry","category-economie","category-tunisie"],"_links":{"self":[{"href":"https:\/\/linitiative.ca\/International\/wp-json\/wp\/v2\/posts\/43330","targetHints":{"allow":["GET"]}}],"collection":[{"href":"https:\/\/linitiative.ca\/International\/wp-json\/wp\/v2\/posts"}],"about":[{"href":"https:\/\/linitiative.ca\/International\/wp-json\/wp\/v2\/types\/post"}],"author":[{"embeddable":true,"href":"https:\/\/linitiative.ca\/International\/wp-json\/wp\/v2\/users\/1775"}],"replies":[{"embeddable":true,"href":"https:\/\/linitiative.ca\/International\/wp-json\/wp\/v2\/comments?post=43330"}],"version-history":[{"count":0,"href":"https:\/\/linitiative.ca\/International\/wp-json\/wp\/v2\/posts\/43330\/revisions"}],"wp:attachment":[{"href":"https:\/\/linitiative.ca\/International\/wp-json\/wp\/v2\/media?parent=43330"}],"wp:term":[{"taxonomy":"category","embeddable":true,"href":"https:\/\/linitiative.ca\/International\/wp-json\/wp\/v2\/categories?post=43330"},{"taxonomy":"post_tag","embeddable":true,"href":"https:\/\/linitiative.ca\/International\/wp-json\/wp\/v2\/tags?post=43330"}],"curies":[{"name":"wp","href":"https:\/\/api.w.org\/{rel}","templated":true}]}}