{"id":43332,"date":"2019-06-29T12:32:25","date_gmt":"2019-06-29T16:32:25","guid":{"rendered":"https:\/\/linitiative.ca\/International\/la-radio-ne-diffuse-plus-depuis-80-jours-la-haica-retire-la-licence-accordee-a-saraha-fm\/"},"modified":"2019-06-29T12:32:25","modified_gmt":"2019-06-29T16:32:25","slug":"la-radio-ne-diffuse-plus-depuis-80-jours-la-haica-retire-la-licence-accordee-a-saraha-fm","status":"publish","type":"post","link":"https:\/\/linitiative.ca\/International\/la-radio-ne-diffuse-plus-depuis-80-jours-la-haica-retire-la-licence-accordee-a-saraha-fm\/","title":{"rendered":"La radio ne diffuse plus depuis 80 jours : La HAICA retire la licence accord\u00e9e \u00e0 Saraha FM"},"content":{"rendered":"<p>Le Conseil de la Haute autorit\u00e9 ind\u00e9pendante audiovisuelle (HICA) a annonc\u00e9 le retrait de la licence de cr\u00e9ation et d\u2019exploitation de la cha\u00eene radio priv\u00e9e Saraha FM en raison de l\u2019interruption de la radiodiffusion pendant plus de 90 jours.<\/p>\n<div>Dans un communiqu\u00e9 rendu public vendredi, la HAICA a invoqu\u00e9 les dispositions des articles 17 et 76 du cahier des charges sur l\u2019obtention d\u2019une licence pour la cr\u00e9ation et l\u2019exploitation d\u2019une radio priv\u00e9e pour justifier sa d\u00e9cision de retrait de la licence. L\u2019article 17 stipule que \u00ab Si l\u2019interruption dure plus de 90 jours, l\u2019Autorit\u00e9 peut annuler l\u2019accord apr\u00e8s avoir convoqu\u00e9 le propri\u00e9taire de la licence et lui a permis d\u2019expliquer les raisons de l\u2019interruption \u00bb.La HAICA avait accord\u00e9 la licence pour la radio priv\u00e9e Saraha FM le 11 d\u00e9cembre 2014, mais la radio a cess\u00e9 d\u2019\u00e9mettre son principal programme depuis le 31 ao\u00fbt 2017 pour se contenter de diffuser une liste de chansons, en raison de litiges croissants entre les actionnaires avant l\u2019arr\u00eat d\u00e9finitif le 18 septembre 2018, suite au licenciement de tous ses employ\u00e9s et journalistes, conform\u00e9ment \u00e0 la notification adress\u00e9e \u00e0 la HAICA par son unit\u00e9 de surveillance.La Haute autorit\u00e9 ind\u00e9pendante audiovisuelle avait re\u00e7u le 17 avril 2019 un rapport du bureau national de la radiodiffusion et de la t\u00e9l\u00e9diffusion indiquant que la station de radio Saraha FM avait cess\u00e9 d\u2019\u00e9mettre pendant plus de six mois.<\/div>\n<p class=\"dpsp-share-text\">Partager c&rsquo;est aimer!<\/p>\n<div class=\"wp-post-author-wrap wp-post-author-shortcode left\">\n<h3 class=\"awpa-title\"\/>\n<div class=\"wp-post-author\">\n<div class=\"awpa-img awpa-author-block square\"><a href=\"http:\/\/lexpertjournal.net\/fr\/author\/expert\/\"><img loading=\"lazy\" decoding=\"async\" alt=\"\" src=\"http:\/\/2.gravatar.com\/avatar\/56d99be2a6f97af88ccb49fada637fcd?s=150&#038;d=mm&#038;r=g\" srcset=\"http:\/\/2.gravatar.com\/avatar\/56d99be2a6f97af88ccb49fada637fcd?s=300&#038;d=mm&#038;r=g 2x\" class=\"avatar avatar-150 photo\" height=\"150\" width=\"150\"\/><\/a><\/div>\n<\/div>\n<\/div>\n<p>Auteur: L&rsquo;expert<br \/>\n<a href=\"http:\/\/lexpertjournal.net\/fr\/2019\/06\/29\/la-radio-ne-diffuse-plus-depuis-80-jours-la-haica-retire-la-licence-accordee-a-saraha-fm\/\">Cliquez ici pour lire l&rsquo;article depuis sa source.<\/a><\/p>\n","protected":false},"excerpt":{"rendered":"<p>Le Conseil de la Haute autorit\u00e9 ind\u00e9pendante audiovisuelle (HICA) a annonc\u00e9 le retrait de la licence de cr\u00e9ation et d\u2019exploitation de la cha\u00eene radio priv\u00e9e Saraha FM en raison de l\u2019interruption de la radiodiffusion pendant plus de 90 jours. Dans un communiqu\u00e9 rendu public vendredi, la HAICA a invoqu\u00e9 les dispositions des articles 17 et [&hellip;]<\/p>\n","protected":false},"author":1775,"featured_media":0,"comment_status":"closed","ping_status":"closed","sticky":false,"template":"","format":"standard","meta":{"fifu_image_url":"","fifu_image_alt":"","footnotes":""},"categories":[78,55],"tags":[],"class_list":["post-43332","post","type-post","status-publish","format-standard","hentry","category-economie","category-tunisie"],"_links":{"self":[{"href":"https:\/\/linitiative.ca\/International\/wp-json\/wp\/v2\/posts\/43332","targetHints":{"allow":["GET"]}}],"collection":[{"href":"https:\/\/linitiative.ca\/International\/wp-json\/wp\/v2\/posts"}],"about":[{"href":"https:\/\/linitiative.ca\/International\/wp-json\/wp\/v2\/types\/post"}],"author":[{"embeddable":true,"href":"https:\/\/linitiative.ca\/International\/wp-json\/wp\/v2\/users\/1775"}],"replies":[{"embeddable":true,"href":"https:\/\/linitiative.ca\/International\/wp-json\/wp\/v2\/comments?post=43332"}],"version-history":[{"count":0,"href":"https:\/\/linitiative.ca\/International\/wp-json\/wp\/v2\/posts\/43332\/revisions"}],"wp:attachment":[{"href":"https:\/\/linitiative.ca\/International\/wp-json\/wp\/v2\/media?parent=43332"}],"wp:term":[{"taxonomy":"category","embeddable":true,"href":"https:\/\/linitiative.ca\/International\/wp-json\/wp\/v2\/categories?post=43332"},{"taxonomy":"post_tag","embeddable":true,"href":"https:\/\/linitiative.ca\/International\/wp-json\/wp\/v2\/tags?post=43332"}],"curies":[{"name":"wp","href":"https:\/\/api.w.org\/{rel}","templated":true}]}}