{"id":43333,"date":"2019-06-29T13:04:08","date_gmt":"2019-06-29T17:04:08","guid":{"rendered":"https:\/\/linitiative.ca\/International\/hommage-appuye-a-meriem-fekkai-a-lopera-dalger\/"},"modified":"2019-06-29T13:04:08","modified_gmt":"2019-06-29T17:04:08","slug":"hommage-appuye-a-meriem-fekkai-a-lopera-dalger","status":"publish","type":"post","link":"https:\/\/linitiative.ca\/International\/hommage-appuye-a-meriem-fekkai-a-lopera-dalger\/","title":{"rendered":"Hommage appuy\u00e9 \u00e0 Meriem Fekka\u00ef \u00e0 l\u2019Op\u00e9ra d\u2019Alger"},"content":{"rendered":"<div>\n<div class=\"K2FeedImage\"><img decoding=\"async\" src=\"http:\/\/www.aps.dz\/media\/k2\/items\/cache\/0435fd4594be2a65e51a4fe0db893cfc_S.jpg\" alt=\"Hommage appuy\u00e9 \u00e0 Meriem Fekka\u00ef \u00e0 l\u2019Op\u00e9ra d\u2019Alger\"><\/div>\n<div class=\"K2FeedIntroText\">\n<p><strong>ALGER &#8211; Un hommage posthume a \u00e9t\u00e9 rendu jeudi soir \u00e0 Alger \u00e0 Meriem Fekka\u00ef (1889-1961), ic\u00f4ne du M\u2019samaa, un genre musical alg\u00e9rois exclusivement f\u00e9minin.<\/strong><\/p>\n<\/div>\n<div class=\"K2FeedFullText\">\n<p>Organis\u00e9 \u00e0 l\u2019Op\u00e9ra d\u2019Alger Boualem-Bessa\u00efh par la Fondation Che\u00efkh Abdelkrim Dali, l\u2019hommage se voulait une reconnaissance \u00e0 l\u2019apport de cette chanteuse \u00e0 la musique alg\u00e9rienne traditionnelle, notamment le Hawzi et l&rsquo;Aroubi alg\u00e9rois, deux d\u00e9riv\u00e9s de la musique andalouse tr\u00e8s pr\u00e9sents notamment lors des c\u00e9r\u00e9monies de mariage et autres \u00e9v\u00e8nements festifs.<\/p>\n<p><em><strong>Un documentaire biographique consacr\u00e9 \u00e0 la vie et au parcours de Meriem Fekka\u00ef a \u00e9t\u00e9 projet\u00e9 en pr\u00e9sence de membres de la famille de l\u2019artiste, distingu\u00e9e \u00e0 titre posthume par la remise d\u2019un troph\u00e9e\u00a0 honorifique.<\/strong><\/em><\/p>\n<p>Un floril\u00e8ge de chants puis\u00e9s dans le r\u00e9pertoire de Fekka\u00ef et interpr\u00e9t\u00e9s par Lila Borsali, Nadia Benyoucef et Nerdjess, a marqu\u00e9 cette soir\u00e9e-hommage d\u00e9di\u00e9e \u00e0 l\u2019une des chanteuses les plus admir\u00e9es de son temps dans l\u2019Alg\u00e9rois.<\/p>\n<p>Accompagn\u00e9es par l\u2019Orchestre de l\u2019association Cordoba d&rsquo;Alger sous la direction de Naguib Kateb, les trois chanteuses ont d\u00e9roul\u00e9 un r\u00e9pertoire revisitant des chansons ayant rendu c\u00e9l\u00e8bre Meriem Fek ka\u00ef, dans une ambiance d\u2019\u00e9motion et de nostalgie parmi les fans de cette chanteuse et aussi danseuse.<\/p>\n<p><em><strong>Native de Biskra en 1889, Meriem Fekka\u00ef a marqu\u00e9 de son empreinte la musique alg\u00e9rienne classique \u00e0 laquelle elle a l\u00e9gu\u00e9 un r\u00e9pertoire musical riche et vari\u00e9.<\/strong><\/em><\/p>\n<p>Inspir\u00e9e de Maalma Yamna et Cheikha Tetma, autres grandes voix du M\u2019samaa,Meriem Fekka\u00ef a repris le flambeau pour\u00a0 en devenir une des l\u00e9gendes de ce genre en se distinguant des autres par une interpr\u00e9tation \u00e0 l\u2019unisson avec sa troupe musicale f\u00e9minine qui comptait parmi ses membres Fadhila D&rsquo;ziria \u00e0 ses d\u00e9buts.<\/p>\n<p>La chanteuse s\u2019int\u00e9ressa \u00e9galement \u00e0 la danse en entamant une carri\u00e8re dans cet art \u00e0 l\u2019occasion des f\u00eates familiales et des spectacles organis\u00e9s par Mahieddine Bachetarzi.<\/p>\n<p><em><strong>Meriem Fekka\u00ef s\u2019est \u00e9teinte en 1961 \u00e0 Alger \u00e0 l\u2019\u00e2ge de 72 ans.<\/strong><\/em><\/p>\n<p>\u00a0<\/p>\n<p>\u00a0<\/p>\n<\/div>\n<\/div>\n<p>Auteur:<br \/>\n<a href=\"http:\/\/www.aps.dz\/culture\/91204-hommage-appuye-a-meriem-fekkai-a-l-opera-d-alger\">Cliquez ici pour lire l&rsquo;article depuis sa source.<\/a><\/p>\n","protected":false},"excerpt":{"rendered":"<p>ALGER &#8211; Un hommage posthume a \u00e9t\u00e9 rendu jeudi soir \u00e0 Alger \u00e0 Meriem Fekka\u00ef (1889-1961), ic\u00f4ne du M\u2019samaa, un genre musical alg\u00e9rois exclusivement f\u00e9minin. Organis\u00e9 \u00e0 l\u2019Op\u00e9ra d\u2019Alger Boualem-Bessa\u00efh par la Fondation Che\u00efkh Abdelkrim Dali, l\u2019hommage se voulait une reconnaissance \u00e0 l\u2019apport de cette chanteuse \u00e0 la musique alg\u00e9rienne traditionnelle, notamment le Hawzi et [&hellip;]<\/p>\n","protected":false},"author":1790,"featured_media":43334,"comment_status":"closed","ping_status":"closed","sticky":false,"template":"","format":"standard","meta":{"fifu_image_url":"","fifu_image_alt":"","footnotes":""},"categories":[53,79],"tags":[],"class_list":["post-43333","post","type-post","status-publish","format-standard","has-post-thumbnail","hentry","category-algerie","category-culture"],"_links":{"self":[{"href":"https:\/\/linitiative.ca\/International\/wp-json\/wp\/v2\/posts\/43333","targetHints":{"allow":["GET"]}}],"collection":[{"href":"https:\/\/linitiative.ca\/International\/wp-json\/wp\/v2\/posts"}],"about":[{"href":"https:\/\/linitiative.ca\/International\/wp-json\/wp\/v2\/types\/post"}],"author":[{"embeddable":true,"href":"https:\/\/linitiative.ca\/International\/wp-json\/wp\/v2\/users\/1790"}],"replies":[{"embeddable":true,"href":"https:\/\/linitiative.ca\/International\/wp-json\/wp\/v2\/comments?post=43333"}],"version-history":[{"count":0,"href":"https:\/\/linitiative.ca\/International\/wp-json\/wp\/v2\/posts\/43333\/revisions"}],"wp:featuredmedia":[{"embeddable":true,"href":"https:\/\/linitiative.ca\/International\/wp-json\/"}],"wp:attachment":[{"href":"https:\/\/linitiative.ca\/International\/wp-json\/wp\/v2\/media?parent=43333"}],"wp:term":[{"taxonomy":"category","embeddable":true,"href":"https:\/\/linitiative.ca\/International\/wp-json\/wp\/v2\/categories?post=43333"},{"taxonomy":"post_tag","embeddable":true,"href":"https:\/\/linitiative.ca\/International\/wp-json\/wp\/v2\/tags?post=43333"}],"curies":[{"name":"wp","href":"https:\/\/api.w.org\/{rel}","templated":true}]}}