{"id":43337,"date":"2019-06-29T13:04:10","date_gmt":"2019-06-29T17:04:10","guid":{"rendered":"https:\/\/linitiative.ca\/International\/conception-pour-la-premiere-fois-dune-carte-culturelle-pour-la-wilaya-de-chlef\/"},"modified":"2019-06-29T13:04:10","modified_gmt":"2019-06-29T17:04:10","slug":"conception-pour-la-premiere-fois-dune-carte-culturelle-pour-la-wilaya-de-chlef","status":"publish","type":"post","link":"https:\/\/linitiative.ca\/International\/conception-pour-la-premiere-fois-dune-carte-culturelle-pour-la-wilaya-de-chlef\/","title":{"rendered":"Conception pour la premi\u00e8re fois d&rsquo;une carte culturelle pour la wilaya de Chlef"},"content":{"rendered":"<div>\n<div class=\"K2FeedImage\"><img decoding=\"async\" src=\"http:\/\/www.aps.dz\/media\/k2\/items\/cache\/142b790ee590b26033a3aee1293a5d3c_S.jpg\" alt=\"Conception pour la premi\u00e8re fois d'une carte culturelle pour la wilaya de Chlef\"><\/div>\n<div class=\"K2FeedIntroText\">\n<p><strong>CHLEF- La Direction de la Culture de la wilaya de Chlef a \u00e9dit\u00e9, pour la premi\u00e8re fois, une carte culturelle qui devra \u00eatre mise \u00e0 la disposition des touristes et visiteurs de la r\u00e9gion, et ce dans le cadre\u00a0de la d\u00e9marche visant la promotion du tourisme interne et la valorisation des atouts touristiques et monuments culturels dont dispose la wilaya, a-t-on appris vendredi, aupr\u00e8s des m\u00eames services.<\/strong><\/p>\n<\/div>\n<div class=\"K2FeedFullText\">\n<p><em><strong>\u00ab\u00a0Par souci de promouvoir le tourisme interne et fournir aux visiteurs de la wilaya de Chlef un guide renfermant les sites et monuments importants qui pourront \u00eatre visit\u00e9s, le secteur du Tourisme a con\u00e7u, pour la premi\u00e8re fois, une carte culturelle\u00a0\u00bb<\/strong><\/em>, a indiqu\u00e9 \u00e0 l&rsquo;APS, le chef du service Patrimoine, Mohammed Guendouzi.<\/p>\n<p>Cette carte culturelle contient, selon le m\u00eame responsable, diff\u00e9rents chemins et acc\u00e8s menant \u00e0 plusieurs site arch\u00e9ologiques et monuments culturels connus dans la wilaya, outre des cartes des diff\u00e9rentes\u00a0structures relevant du secteur de la Culture, notamment, les mus\u00e9es et les objets arch\u00e9ologiques qui y sont conserv\u00e9s.<\/p>\n<p>Les responsables du secteur proposent un circuit touristique qui permettra de visiter les objets arch\u00e9ologiques au Mus\u00e9e public national Abdelmadjid-Meziane, le Mus\u00e9e El Asnam (ex-Dar El Baroud) qui renferme des objets de la plus ancienne basilique en Afrique du Nord, Saint-R\u00e9paratus et la maison de l&rsquo;Artisanat \u00e0 la cit\u00e9 Bensouna.<\/p>\n<p>En deuxi\u00e8me \u00e9tape, le circuit permettra \u00e9galement de visiter la commune de Medjadja pour y d\u00e9couvrir l&rsquo;architecture ottomane \u00e0 la maison de Dar El Kadi, la zaou\u00efa du Cheikh Sidi M&rsquo;Hamed Ben Ali, la casbah de T\u00e9n\u00e8s, le fort de Sidi Merouane et le Mus\u00e9e Ali El Djira.<\/p>\n<p>Les visiteurs de Chlef sont \u00e9galement convi\u00e9s \u00e0 d\u00e9couvrir les vestiges romains d&rsquo;Arsenaria et la Kala\u00e2 de Timici.<\/p>\n<p>Premi\u00e8re du genre dans la wilaya, cette carte culturelle s&rsquo;inscrit dans le cadre de la promotion de la culture et du tourisme interne.<\/p>\n<\/div>\n<\/div>\n<p>Auteur:<br \/>\n<a href=\"http:\/\/www.aps.dz\/culture\/91221-conception-pour-la-premiere-fois-d-une-carte-culturelle-pour-la-wilaya-de-chlef\">Cliquez ici pour lire l&rsquo;article depuis sa source.<\/a><\/p>\n","protected":false},"excerpt":{"rendered":"<p>CHLEF- La Direction de la Culture de la wilaya de Chlef a \u00e9dit\u00e9, pour la premi\u00e8re fois, une carte culturelle qui devra \u00eatre mise \u00e0 la disposition des touristes et visiteurs de la r\u00e9gion, et ce dans le cadre\u00a0de la d\u00e9marche visant la promotion du tourisme interne et la valorisation des atouts touristiques et monuments [&hellip;]<\/p>\n","protected":false},"author":1790,"featured_media":43338,"comment_status":"closed","ping_status":"closed","sticky":false,"template":"","format":"standard","meta":{"fifu_image_url":"","fifu_image_alt":"","footnotes":""},"categories":[53,79],"tags":[],"class_list":["post-43337","post","type-post","status-publish","format-standard","has-post-thumbnail","hentry","category-algerie","category-culture"],"_links":{"self":[{"href":"https:\/\/linitiative.ca\/International\/wp-json\/wp\/v2\/posts\/43337","targetHints":{"allow":["GET"]}}],"collection":[{"href":"https:\/\/linitiative.ca\/International\/wp-json\/wp\/v2\/posts"}],"about":[{"href":"https:\/\/linitiative.ca\/International\/wp-json\/wp\/v2\/types\/post"}],"author":[{"embeddable":true,"href":"https:\/\/linitiative.ca\/International\/wp-json\/wp\/v2\/users\/1790"}],"replies":[{"embeddable":true,"href":"https:\/\/linitiative.ca\/International\/wp-json\/wp\/v2\/comments?post=43337"}],"version-history":[{"count":0,"href":"https:\/\/linitiative.ca\/International\/wp-json\/wp\/v2\/posts\/43337\/revisions"}],"wp:featuredmedia":[{"embeddable":true,"href":"https:\/\/linitiative.ca\/International\/wp-json\/"}],"wp:attachment":[{"href":"https:\/\/linitiative.ca\/International\/wp-json\/wp\/v2\/media?parent=43337"}],"wp:term":[{"taxonomy":"category","embeddable":true,"href":"https:\/\/linitiative.ca\/International\/wp-json\/wp\/v2\/categories?post=43337"},{"taxonomy":"post_tag","embeddable":true,"href":"https:\/\/linitiative.ca\/International\/wp-json\/wp\/v2\/tags?post=43337"}],"curies":[{"name":"wp","href":"https:\/\/api.w.org\/{rel}","templated":true}]}}